{"id":8439,"date":"2023-07-04T18:42:28","date_gmt":"2023-07-04T21:42:28","guid":{"rendered":"https:\/\/www.didasantos.com.br\/v1\/?p=8439"},"modified":"2023-07-04T18:42:28","modified_gmt":"2023-07-04T21:42:28","slug":"secretarias-de-servicos-publicos-e-desenvolvimento-rural-tem-novos-gestores","status":"publish","type":"post","link":"https:\/\/www.didasantos.com.br\/v1\/2023\/07\/04\/secretarias-de-servicos-publicos-e-desenvolvimento-rural-tem-novos-gestores\/","title":{"rendered":"Secretarias de Servi\u00e7os P\u00fablicos e Desenvolvimento Rural t\u00eam novos gestores"},"content":{"rendered":"<p>A partir desta segunda-feira (3), a Secretaria Municipal Desenvolvimento Rural (SMDR) tem novo secret\u00e1rio. Quem assume a pasta \u00e9 o engenheiro agr\u00f4nomo formado pela Uesb, Breno Pereira Farias, 38 anos. O novo titular da SMDR vem de uma fam\u00edlia\u00a0<span class=\"selectable-text copyable-text\">ligada ao setor agr\u00edcola, com uma loja desde 1984. Al\u00e9m de produtor de tomate e de laranja nas cidades de Barra do Cho\u00e7a e C\u00e2ndido Sales, ele atua como consultor agron\u00f4mico a produtores rurais de frutas, hortali\u00e7as e baunilha.<\/span><\/p>\n<p>J\u00e1 a Secretaria Municipal de Servi\u00e7os P\u00fablicos, que tinha como interino o secret\u00e1rio de Gest\u00e3o e Inova\u00e7\u00e3o, Edim\u00e1rio Freitas de Andrade J\u00fanior, passa a ser gerida por Lu\u00eds Paulo Sousa Santos, que at\u00e9 ontem (2) respondia pela SMDR. Lu\u00eds Paulo \u00e9 natural de Vit\u00f3ria da Conquista, graduado em Administra\u00e7\u00e3o, e entrou para a gest\u00e3o municipal em outubro de 2017, como coordenador administrativo da Secretaria de Servi\u00e7os P\u00fablicos (Sesep). Em fevereiro de 2019, foi para a Empresa Municipal de Urbaniza\u00e7\u00e3o de Conquista (Emurc), assumindo a diretoria administrativa e financeira e depois a presid\u00eancia da empresa. Em julho de 2019, foi nomeado o secret\u00e1rio de Servi\u00e7os P\u00fablicos e em 5 de janeiro de 2022, assumiu a SMDR.<\/p>\n<div id=\"gallery-2\" class=\"gallery galleryid-299248 gallery-columns-2 gallery-size-medium\">\n<dl class=\"gallery-item\">\n<dt class=\"gallery-icon portrait\"><a href=\"https:\/\/www.pmvc.ba.gov.br\/secretarias-de-servicos-publicos-e-de-agricultura-e-desenvolvimento-rural-tem-novos-gestores\/secretario-breno\/\"><img decoding=\"async\" loading=\"lazy\" class=\"attachment-medium size-medium colorbox-299248 \" src=\"https:\/\/www.pmvc.ba.gov.br\/wp-content\/uploads\/Secret%C3%A1rio-Breno-236x315.jpg\" sizes=\"(max-width: 236px) 100vw, 236px\" srcset=\"https:\/\/www.pmvc.ba.gov.br\/wp-content\/uploads\/Secret\u00e1rio-Breno-236x315.jpg 236w, https:\/\/www.pmvc.ba.gov.br\/wp-content\/uploads\/Secret\u00e1rio-Breno-768x1024.jpg 768w, https:\/\/www.pmvc.ba.gov.br\/wp-content\/uploads\/Secret\u00e1rio-Breno-510x680.jpg 510w, https:\/\/www.pmvc.ba.gov.br\/wp-content\/uploads\/Secret\u00e1rio-Breno.jpg 1200w\" alt=\"\" width=\"236\" height=\"315\" aria-describedby=\"gallery-2-299279\" \/><\/a><\/dt>\n<dd id=\"gallery-2-299279\" class=\"wp-caption-text gallery-caption\">Breno Farias (SMDR)<\/dd>\n<\/dl>\n<dl class=\"gallery-item\">\n<dt class=\"gallery-icon landscape\"><a href=\"https:\/\/www.pmvc.ba.gov.br\/secretarias-de-servicos-publicos-e-de-agricultura-e-desenvolvimento-rural-tem-novos-gestores\/luis-paulo-2\/\"><img decoding=\"async\" loading=\"lazy\" class=\"attachment-medium size-medium colorbox-299248 \" src=\"https:\/\/www.pmvc.ba.gov.br\/wp-content\/uploads\/Lu%C3%ADs-Paulo-2-315x315.jpg\" sizes=\"(max-width: 315px) 100vw, 315px\" srcset=\"https:\/\/www.pmvc.ba.gov.br\/wp-content\/uploads\/Lu\u00eds-Paulo-2-315x315.jpg 315w, https:\/\/www.pmvc.ba.gov.br\/wp-content\/uploads\/Lu\u00eds-Paulo-2-150x150.jpg 150w, https:\/\/www.pmvc.ba.gov.br\/wp-content\/uploads\/Lu\u00eds-Paulo-2.jpg 640w\" alt=\"\" width=\"315\" height=\"315\" aria-describedby=\"gallery-2-299264\" \/><\/a><\/dt>\n<dd id=\"gallery-2-299264\" class=\"wp-caption-text gallery-caption\">Lu\u00eds Paulo (Sesep)<\/dd>\n<\/dl>\n<\/div>\n<p>As nomea\u00e7\u00f5es dos secret\u00e1rios foram publicadas no Di\u00e1rio Oficial desta segunda-feira, 3 de julho.<\/p>\n","protected":false},"excerpt":{"rendered":"<p>A partir desta segunda-feira (3), a Secretaria Municipal Desenvolvimento Rural (SMDR) tem novo secret\u00e1rio. Quem assume a pasta \u00e9 o engenheiro agr\u00f4nomo formado pela Uesb, Breno Pereira Farias, 38 anos. O novo titular da SMDR vem de uma fam\u00edlia\u00a0ligada ao setor agr\u00edcola, com uma loja desde 1984. Al\u00e9m de produtor de tomate e de laranja &hellip;<\/p>\n","protected":false},"author":3,"featured_media":8441,"comment_status":"closed","ping_status":"closed","sticky":false,"template":"","format":"standard","meta":{"_links_to":"","_links_to_target":""},"categories":[22],"tags":[],"_links":{"self":[{"href":"https:\/\/www.didasantos.com.br\/v1\/wp-json\/wp\/v2\/posts\/8439"}],"collection":[{"href":"https:\/\/www.didasantos.com.br\/v1\/wp-json\/wp\/v2\/posts"}],"about":[{"href":"https:\/\/www.didasantos.com.br\/v1\/wp-json\/wp\/v2\/types\/post"}],"author":[{"embeddable":true,"href":"https:\/\/www.didasantos.com.br\/v1\/wp-json\/wp\/v2\/users\/3"}],"replies":[{"embeddable":true,"href":"https:\/\/www.didasantos.com.br\/v1\/wp-json\/wp\/v2\/comments?post=8439"}],"version-history":[{"count":1,"href":"https:\/\/www.didasantos.com.br\/v1\/wp-json\/wp\/v2\/posts\/8439\/revisions"}],"predecessor-version":[{"id":8442,"href":"https:\/\/www.didasantos.com.br\/v1\/wp-json\/wp\/v2\/posts\/8439\/revisions\/8442"}],"wp:featuredmedia":[{"embeddable":true,"href":"https:\/\/www.didasantos.com.br\/v1\/wp-json\/wp\/v2\/media\/8441"}],"wp:attachment":[{"href":"https:\/\/www.didasantos.com.br\/v1\/wp-json\/wp\/v2\/media?parent=8439"}],"wp:term":[{"taxonomy":"category","embeddable":true,"href":"https:\/\/www.didasantos.com.br\/v1\/wp-json\/wp\/v2\/categories?post=8439"},{"taxonomy":"post_tag","embeddable":true,"href":"https:\/\/www.didasantos.com.br\/v1\/wp-json\/wp\/v2\/tags?post=8439"}],"curies":[{"name":"wp","href":"https:\/\/api.w.org\/{rel}","templated":true}]}}