{"id":8469,"date":"2023-07-08T11:38:45","date_gmt":"2023-07-08T14:38:45","guid":{"rendered":"https:\/\/www.didasantos.com.br\/v1\/?p=8469"},"modified":"2023-07-08T11:38:45","modified_gmt":"2023-07-08T14:38:45","slug":"coleta-de-lixo-com-ciclomotores-completa-dois-meses-com-balanco-positivo","status":"publish","type":"post","link":"https:\/\/www.didasantos.com.br\/v1\/2023\/07\/08\/coleta-de-lixo-com-ciclomotores-completa-dois-meses-com-balanco-positivo\/","title":{"rendered":"Coleta de lixo com ciclomotores completa dois meses com balan\u00e7o positivo"},"content":{"rendered":"<p class=\"post-information\">\n<div class=\"post-content\">\n<p><img decoding=\"async\" loading=\"lazy\" class=\"size-large wp-image-299847 aligncenter colorbox-299843\" src=\"https:\/\/www.pmvc.ba.gov.br\/wp-content\/uploads\/ciclomotor5-1020x680.jpg\" sizes=\"(max-width: 1020px) 100vw, 1020px\" srcset=\"https:\/\/www.pmvc.ba.gov.br\/wp-content\/uploads\/ciclomotor5-1020x680.jpg 1020w, https:\/\/www.pmvc.ba.gov.br\/wp-content\/uploads\/ciclomotor5-200x133.jpg 200w, https:\/\/www.pmvc.ba.gov.br\/wp-content\/uploads\/ciclomotor5-473x315.jpg 473w, https:\/\/www.pmvc.ba.gov.br\/wp-content\/uploads\/ciclomotor5-768x512.jpg 768w, https:\/\/www.pmvc.ba.gov.br\/wp-content\/uploads\/ciclomotor5-680x452.jpg 680w, https:\/\/www.pmvc.ba.gov.br\/wp-content\/uploads\/ciclomotor5.jpg 1200w\" alt=\"\" width=\"1020\" height=\"680\" \/><\/p>\n<p>Nesta semana, a Prefeitura de Vit\u00f3ria da Conquista completou dois meses de implanta\u00e7\u00e3o da coleta de res\u00edduos por ve\u00edculos ciclomotores. O servi\u00e7o foi criado para substituir as antigas carro\u00e7as que recolhiam o lixo na zona urbana.<\/p>\n<p>Atualmente, a coleta por ciclomotores \u00e9 feita de segunda a s\u00e1bado nos bairros Cidade Maravilhosa, Bateias II, Bruno Bacelar, Pedrinhas, Nossa Senhora Aparecida, Panorama, Jardim Val\u00e9ria, Copacabana, Santa Terezinha, Jardim Sudoeste, Conveima II, Urbis VI, Renato Magalh\u00e3es, Morada real, Santa M\u00f4nica, Vila Elisa, Parque Imperial e Comunidade Bem Querer.<\/p>\n<p>\u201cO balan\u00e7o \u00e9 extremamente positivo, pois trouxe agilidade, modernidade e efici\u00eancia para a coleta de res\u00edduos s\u00f3lidos domiciliares nestas localidades, al\u00e9m da preocupa\u00e7\u00e3o e dos cuidados com a sa\u00fade dos animais, reivindica\u00e7\u00e3o antiga de \u00f3rg\u00e3os e entidades protetoras\u201d, afirma o secret\u00e1rio municipal de Servi\u00e7os P\u00fablicos, Lu\u00eds Paulo Souza.<\/p>\n<p>Como ressalta o secret\u00e1rio, a transi\u00e7\u00e3o das carro\u00e7as para os ciclomotores envolveu ainda o cuidado com os antigos carroceiros. Parte dessa m\u00e3o de obra foi incorporada ao pr\u00f3prio processo de moderniza\u00e7\u00e3o, com a contrata\u00e7\u00e3o de dez colaboradores pela empresa Torre, terceirizada respons\u00e1vel atualmente pela execu\u00e7\u00e3o dessa modalidade de coleta.<\/p>\n<p><img decoding=\"async\" loading=\"lazy\" class=\"size-large wp-image-299846 aligncenter colorbox-299843\" src=\"https:\/\/www.pmvc.ba.gov.br\/wp-content\/uploads\/ciclomotor4-1024x461.jpg\" sizes=\"(max-width: 1024px) 100vw, 1024px\" srcset=\"https:\/\/www.pmvc.ba.gov.br\/wp-content\/uploads\/ciclomotor4-1024x461.jpg 1024w, https:\/\/www.pmvc.ba.gov.br\/wp-content\/uploads\/ciclomotor4-600x270.jpg 600w, https:\/\/www.pmvc.ba.gov.br\/wp-content\/uploads\/ciclomotor4-768x346.jpg 768w, https:\/\/www.pmvc.ba.gov.br\/wp-content\/uploads\/ciclomotor4.jpg 1600w\" alt=\"\" width=\"1024\" height=\"461\" \/><\/p>\n<p><strong>O servi\u00e7o<\/strong><\/p>\n<p>Em Vit\u00f3ria da Conquista, s\u00e3o coletadas mensalmente mais de 6 mil toneladas de lixo domiciliar, apenas na zona urbana. Grande parte desse volume \u00e9 recolhida pelos dez ciclomotores, na modalidade porta-a-porta, seis dias por semana, inclusive em locais de dif\u00edcil acesso.<\/p>\n<p>Ap\u00f3s a coleta, os ciclomotores depositam os res\u00edduos nas mais de 80 caixas coletoras instaladas para o armazenamento tempor\u00e1rio do lixo. Posteriormente, esse material \u00e9 recolhido pelos caminh\u00f5es compactadores, que o transportam at\u00e9 o Aterro Sanit\u00e1rio Municipal \u2013 e garantindo, assim, a destina\u00e7\u00e3o ambientalmente adequada, conforme o previsto nas legisla\u00e7\u00f5es em vigor.<\/p>\n<div id=\"gallery-2\" class=\"gallery galleryid-299843 gallery-columns-3 gallery-size-large\">\n<dl class=\"gallery-item\">\n<dt class=\"gallery-icon landscape\"><a class=\"cboxElement\" href=\"https:\/\/www.pmvc.ba.gov.br\/wp-content\/uploads\/ciclomotor6.jpg\"><img decoding=\"async\" loading=\"lazy\" class=\"attachment-large size-large colorbox-299843 \" src=\"https:\/\/www.pmvc.ba.gov.br\/wp-content\/uploads\/ciclomotor6-1020x680.jpg\" sizes=\"(max-width: 1020px) 100vw, 1020px\" srcset=\"https:\/\/www.pmvc.ba.gov.br\/wp-content\/uploads\/ciclomotor6-1020x680.jpg 1020w, https:\/\/www.pmvc.ba.gov.br\/wp-content\/uploads\/ciclomotor6-200x133.jpg 200w, https:\/\/www.pmvc.ba.gov.br\/wp-content\/uploads\/ciclomotor6-473x315.jpg 473w, https:\/\/www.pmvc.ba.gov.br\/wp-content\/uploads\/ciclomotor6-768x512.jpg 768w, https:\/\/www.pmvc.ba.gov.br\/wp-content\/uploads\/ciclomotor6-680x452.jpg 680w, https:\/\/www.pmvc.ba.gov.br\/wp-content\/uploads\/ciclomotor6.jpg 1200w\" alt=\"\" width=\"1020\" height=\"680\" \/><\/a><\/dt>\n<\/dl>\n<dl class=\"gallery-item\">\n<dt class=\"gallery-icon landscape\"><a class=\"cboxElement\" href=\"https:\/\/www.pmvc.ba.gov.br\/wp-content\/uploads\/ciclomotor7.jpg\"><img decoding=\"async\" loading=\"lazy\" class=\"attachment-large size-large colorbox-299843 \" src=\"https:\/\/www.pmvc.ba.gov.br\/wp-content\/uploads\/ciclomotor7-1024x576.jpg\" sizes=\"(max-width: 1024px) 100vw, 1024px\" srcset=\"https:\/\/www.pmvc.ba.gov.br\/wp-content\/uploads\/ciclomotor7-1024x576.jpg 1024w, https:\/\/www.pmvc.ba.gov.br\/wp-content\/uploads\/ciclomotor7-560x315.jpg 560w, https:\/\/www.pmvc.ba.gov.br\/wp-content\/uploads\/ciclomotor7-768x432.jpg 768w, https:\/\/www.pmvc.ba.gov.br\/wp-content\/uploads\/ciclomotor7.jpg 1599w\" alt=\"\" width=\"1024\" height=\"576\" \/><\/a><\/dt>\n<\/dl>\n<dl class=\"gallery-item\">\n<dt class=\"gallery-icon landscape\"><a class=\"cboxElement\" href=\"https:\/\/www.pmvc.ba.gov.br\/wp-content\/uploads\/ciclommotor6.jpg\"><img decoding=\"async\" loading=\"lazy\" class=\"attachment-large size-large colorbox-299843 \" src=\"https:\/\/www.pmvc.ba.gov.br\/wp-content\/uploads\/ciclommotor6-1020x680.jpg\" sizes=\"(max-width: 1020px) 100vw, 1020px\" srcset=\"https:\/\/www.pmvc.ba.gov.br\/wp-content\/uploads\/ciclommotor6-1020x680.jpg 1020w, https:\/\/www.pmvc.ba.gov.br\/wp-content\/uploads\/ciclommotor6-200x133.jpg 200w, https:\/\/www.pmvc.ba.gov.br\/wp-content\/uploads\/ciclommotor6-473x315.jpg 473w, https:\/\/www.pmvc.ba.gov.br\/wp-content\/uploads\/ciclommotor6-768x512.jpg 768w, https:\/\/www.pmvc.ba.gov.br\/wp-content\/uploads\/ciclommotor6-680x452.jpg 680w, https:\/\/www.pmvc.ba.gov.br\/wp-content\/uploads\/ciclommotor6.jpg 1200w\" alt=\"\" width=\"1020\" height=\"680\" \/><\/a><\/dt>\n<\/dl>\n<\/div>\n<div class=\"ssba-classic-2 ssba ssbp-wrap left ssbp--theme-1\">\n<div><\/div>\n<\/div>\n<\/div>\n","protected":false},"excerpt":{"rendered":"<p>Nesta semana, a Prefeitura de Vit\u00f3ria da Conquista completou dois meses de implanta\u00e7\u00e3o da coleta de res\u00edduos por ve\u00edculos ciclomotores. O servi\u00e7o foi criado para substituir as antigas carro\u00e7as que recolhiam o lixo na zona urbana. Atualmente, a coleta por ciclomotores \u00e9 feita de segunda a s\u00e1bado nos bairros Cidade Maravilhosa, Bateias II, Bruno Bacelar, &hellip;<\/p>\n","protected":false},"author":3,"featured_media":8470,"comment_status":"closed","ping_status":"closed","sticky":false,"template":"","format":"standard","meta":{"_links_to":"","_links_to_target":""},"categories":[22],"tags":[],"_links":{"self":[{"href":"https:\/\/www.didasantos.com.br\/v1\/wp-json\/wp\/v2\/posts\/8469"}],"collection":[{"href":"https:\/\/www.didasantos.com.br\/v1\/wp-json\/wp\/v2\/posts"}],"about":[{"href":"https:\/\/www.didasantos.com.br\/v1\/wp-json\/wp\/v2\/types\/post"}],"author":[{"embeddable":true,"href":"https:\/\/www.didasantos.com.br\/v1\/wp-json\/wp\/v2\/users\/3"}],"replies":[{"embeddable":true,"href":"https:\/\/www.didasantos.com.br\/v1\/wp-json\/wp\/v2\/comments?post=8469"}],"version-history":[{"count":1,"href":"https:\/\/www.didasantos.com.br\/v1\/wp-json\/wp\/v2\/posts\/8469\/revisions"}],"predecessor-version":[{"id":8471,"href":"https:\/\/www.didasantos.com.br\/v1\/wp-json\/wp\/v2\/posts\/8469\/revisions\/8471"}],"wp:featuredmedia":[{"embeddable":true,"href":"https:\/\/www.didasantos.com.br\/v1\/wp-json\/wp\/v2\/media\/8470"}],"wp:attachment":[{"href":"https:\/\/www.didasantos.com.br\/v1\/wp-json\/wp\/v2\/media?parent=8469"}],"wp:term":[{"taxonomy":"category","embeddable":true,"href":"https:\/\/www.didasantos.com.br\/v1\/wp-json\/wp\/v2\/categories?post=8469"},{"taxonomy":"post_tag","embeddable":true,"href":"https:\/\/www.didasantos.com.br\/v1\/wp-json\/wp\/v2\/tags?post=8469"}],"curies":[{"name":"wp","href":"https:\/\/api.w.org\/{rel}","templated":true}]}}