{"id":8485,"date":"2023-07-10T13:50:04","date_gmt":"2023-07-10T16:50:04","guid":{"rendered":"https:\/\/www.didasantos.com.br\/v1\/?p=8485"},"modified":"2023-07-10T13:50:04","modified_gmt":"2023-07-10T16:50:04","slug":"lucia-rocha-e-lucio-vieira-lima-anunciam-pre-candidatura-a-prefeita-em-evento-na-camara-de-vereadores-no-ultimo-sabado-08","status":"publish","type":"post","link":"https:\/\/www.didasantos.com.br\/v1\/2023\/07\/10\/lucia-rocha-e-lucio-vieira-lima-anunciam-pre-candidatura-a-prefeita-em-evento-na-camara-de-vereadores-no-ultimo-sabado-08\/","title":{"rendered":"L\u00facia Rocha e L\u00facio Vieira Lima anunciam pr\u00e9-candidatura a Prefeita em evento na C\u00e2mara de Vereadores no \u00faltimo s\u00e1bado (08)"},"content":{"rendered":"<p>No \u00faltimo s\u00e1bado (08), o Movimento Democr\u00e1tico Brasileiro (MDB) realizou uma plen\u00e1ria hist\u00f3rica que marcou o lan\u00e7amento oficial da pr\u00e9-candidatura de L\u00facia Rocha \u00e0 Prefeitura de Vit\u00f3ria da Conquista. O evento, realizado na C\u00e2mara Municipal, contou com a presen\u00e7a de dezenas de militantes e lideran\u00e7as do partido, destacando-se a presen\u00e7a do influente ex-deputado L\u00facio Vieira Lima, um dos principais caciques pol\u00edticos da Bahia.<\/p>\n<p>A reuni\u00e3o foi marcada por entusiasmo e expectativa, refletindo o apoio fervoroso dos membros do MDB e de outros partidos aliados \u00e0 candidatura de L\u00facia Rocha. O presidente estadual da legenda, Alex Futuca, marcou presen\u00e7a e ressaltou a import\u00e2ncia desse momento para o partido e para a cidade.<\/p>\n<p>No entanto, a aus\u00eancia dos outros tr\u00eas vereadores do MDB, Lu\u00eds Carlos Dud\u00e9, Adinilson Pereira e Bibia, membros da bancada situacionista do Governo Sheila, foi notada. Esses vereadores n\u00e3o manifestaram apoio \u00e0 candidatura de L\u00facia Rocha e especula-se que possam migrar para outras agremia\u00e7\u00f5es da base sheilista durante a janela partid\u00e1ria, prevista para mar\u00e7o de 2024.<\/p>\n<p>Apesar disso, a plen\u00e1ria do MDB marcou um marco importante no cen\u00e1rio pol\u00edtico de Vit\u00f3ria da Conquista, consolidando a pr\u00e9-candidatura de L\u00facia Rocha como uma for\u00e7a a ser reconhecida nas pr\u00f3ximas elei\u00e7\u00f5es municipais. Com o apoio de L\u00facio Vieira Lima e o respaldo de diversos membros do partido, L\u00facia Rocha demonstra determina\u00e7\u00e3o e compromisso em buscar uma gest\u00e3o que atenda \u00e0s necessidades e aspira\u00e7\u00f5es da cidade.<\/p>\n<p>A partir de agora, os olhos estar\u00e3o voltados para os pr\u00f3ximos passos da pr\u00e9-candidata e como ela pretende consolidar sua plataforma pol\u00edtica e conquistar o apoio da popula\u00e7\u00e3o de Vit\u00f3ria da Conquista. As elei\u00e7\u00f5es prometem ser acirradas e repletas de desafios, mas L\u00facia Rocha, respaldada por um partido hist\u00f3rico e com o apoio de importantes figuras pol\u00edticas, est\u00e1 pronta para encarar essa jornada rumo \u00e0 prefeitura.<\/p>\n","protected":false},"excerpt":{"rendered":"<p>No \u00faltimo s\u00e1bado (08), o Movimento Democr\u00e1tico Brasileiro (MDB) realizou uma plen\u00e1ria hist\u00f3rica que marcou o lan\u00e7amento oficial da pr\u00e9-candidatura de L\u00facia Rocha \u00e0 Prefeitura de Vit\u00f3ria da Conquista. O evento, realizado na C\u00e2mara Municipal, contou com a presen\u00e7a de dezenas de militantes e lideran\u00e7as do partido, destacando-se a presen\u00e7a do influente ex-deputado L\u00facio Vieira &hellip;<\/p>\n","protected":false},"author":3,"featured_media":8486,"comment_status":"closed","ping_status":"closed","sticky":false,"template":"","format":"standard","meta":{"_links_to":"","_links_to_target":""},"categories":[20],"tags":[],"_links":{"self":[{"href":"https:\/\/www.didasantos.com.br\/v1\/wp-json\/wp\/v2\/posts\/8485"}],"collection":[{"href":"https:\/\/www.didasantos.com.br\/v1\/wp-json\/wp\/v2\/posts"}],"about":[{"href":"https:\/\/www.didasantos.com.br\/v1\/wp-json\/wp\/v2\/types\/post"}],"author":[{"embeddable":true,"href":"https:\/\/www.didasantos.com.br\/v1\/wp-json\/wp\/v2\/users\/3"}],"replies":[{"embeddable":true,"href":"https:\/\/www.didasantos.com.br\/v1\/wp-json\/wp\/v2\/comments?post=8485"}],"version-history":[{"count":1,"href":"https:\/\/www.didasantos.com.br\/v1\/wp-json\/wp\/v2\/posts\/8485\/revisions"}],"predecessor-version":[{"id":8487,"href":"https:\/\/www.didasantos.com.br\/v1\/wp-json\/wp\/v2\/posts\/8485\/revisions\/8487"}],"wp:featuredmedia":[{"embeddable":true,"href":"https:\/\/www.didasantos.com.br\/v1\/wp-json\/wp\/v2\/media\/8486"}],"wp:attachment":[{"href":"https:\/\/www.didasantos.com.br\/v1\/wp-json\/wp\/v2\/media?parent=8485"}],"wp:term":[{"taxonomy":"category","embeddable":true,"href":"https:\/\/www.didasantos.com.br\/v1\/wp-json\/wp\/v2\/categories?post=8485"},{"taxonomy":"post_tag","embeddable":true,"href":"https:\/\/www.didasantos.com.br\/v1\/wp-json\/wp\/v2\/tags?post=8485"}],"curies":[{"name":"wp","href":"https:\/\/api.w.org\/{rel}","templated":true}]}}