{"id":8494,"date":"2023-07-11T11:49:23","date_gmt":"2023-07-11T14:49:23","guid":{"rendered":"https:\/\/www.didasantos.com.br\/v1\/?p=8494"},"modified":"2023-07-11T12:14:16","modified_gmt":"2023-07-11T15:14:16","slug":"8494","status":"publish","type":"post","link":"https:\/\/www.didasantos.com.br\/v1\/2023\/07\/11\/8494\/","title":{"rendered":"Governo Municipal investe em melhorias na infraestrutura das unidades de ensino"},"content":{"rendered":"<p>Investir na infraestrutura das unidades de ensino municipais para garantir \u00e0 comunidade escolar um ambiente adequado, seguro e moderno para o processo de ensino-aprendizagem. Esta \u00e9 uma das prioridades do Governo para Pessoas e que j\u00e1 beneficiou, num per\u00edodo de pouco mais de dois anos, 67 unidades, com servi\u00e7os como reformas, amplia\u00e7\u00f5es ou constru\u00e7\u00f5es.<\/p>\n<p>Nas pr\u00f3ximas semanas, mais tr\u00eas ser\u00e3o entregues, ap\u00f3s terem passado por processos de reestrutura\u00e7\u00e3o. No dia 20, \u00e0s 16h, ser\u00e1 a Escola Municipal Padre Isidoro, no povoado da Estiva. Em seguida, no dia 26, no mesmo hor\u00e1rio, ser\u00e1 a vez da Escola Municipal Maria Rogaciana, no bairro Brasil. Finalmente, em 3 de agosto, tamb\u00e9m \u00e0s 16h, ser\u00e1 entregue a Escola Municipal M\u00e3e Vit\u00f3ria de Petu, no bairro Cruzeiro, cuja reforma tamb\u00e9m j\u00e1 foi conclu\u00edda.<\/p>\n<p>De acordo com a Secretaria Municipal de Educa\u00e7\u00e3o (Smed), at\u00e9 o fim do ano, ser\u00e3o entregues melhorias em mais 18 escolas, incluindo a constru\u00e7\u00e3o da nova Escola Municipal Ant\u00f4nia Cavalcanti e Silva, que beneficiar\u00e1 mais de 1.200 alunos, e o Centro de Forma\u00e7\u00e3o de Professores Lions Clube. Com estas entregas, o Governo para Pessoas ter\u00e1 investido, neste per\u00edodo, mais de R$ 18 milh\u00f5es.<\/p>\n<p>\u201cSabemos que somente a educa\u00e7\u00e3o transforma a sociedade e, por isso, temos o compromisso de oferecer uma educa\u00e7\u00e3o de qualidade \u00e0 popula\u00e7\u00e3o conquistense. E isso demanda profissionais qualificados e estrutura f\u00edsica adequada, que atenda bem a quem trabalha e tamb\u00e9m a quem estuda. Essa \u00e9 uma tarefa que assumimos com bastante responsabilidade\u201d, afirmou a prefeita Sheila Lemos.<\/p>\n<div id=\"gallery-2\" class=\"gallery galleryid-295207 gallery-columns-4 gallery-size-medium\">\n<dl class=\"gallery-item\">\n<dt class=\"gallery-icon landscape\"><a class=\"cboxElement\" href=\"https:\/\/www.pmvc.ba.gov.br\/wp-content\/uploads\/Entrega-Escola-Campo-Formoso-13-02-48.jpg\"><img decoding=\"async\" loading=\"lazy\" class=\"attachment-medium size-medium colorbox-295207 \" src=\"https:\/\/www.pmvc.ba.gov.br\/wp-content\/uploads\/Entrega-Escola-Campo-Formoso-13-02-48-473x315.jpg\" sizes=\"(max-width: 473px) 100vw, 473px\" srcset=\"https:\/\/www.pmvc.ba.gov.br\/wp-content\/uploads\/Entrega-Escola-Campo-Formoso-13-02-48-473x315.jpg 473w, https:\/\/www.pmvc.ba.gov.br\/wp-content\/uploads\/Entrega-Escola-Campo-Formoso-13-02-48-200x133.jpg 200w, https:\/\/www.pmvc.ba.gov.br\/wp-content\/uploads\/Entrega-Escola-Campo-Formoso-13-02-48-768x512.jpg 768w, https:\/\/www.pmvc.ba.gov.br\/wp-content\/uploads\/Entrega-Escola-Campo-Formoso-13-02-48-1020x680.jpg 1020w, https:\/\/www.pmvc.ba.gov.br\/wp-content\/uploads\/Entrega-Escola-Campo-Formoso-13-02-48-680x452.jpg 680w, https:\/\/www.pmvc.ba.gov.br\/wp-content\/uploads\/Entrega-Escola-Campo-Formoso-13-02-48.jpg 1200w\" alt=\"\" width=\"473\" height=\"315\" \/><\/a><\/dt>\n<\/dl>\n<dl class=\"gallery-item\">\n<dt class=\"gallery-icon landscape\"><a class=\"cboxElement\" href=\"https:\/\/www.pmvc.ba.gov.br\/wp-content\/uploads\/Entrega-Escola-Campo-Formoso-13-02-47.jpg\"><img decoding=\"async\" loading=\"lazy\" class=\"attachment-medium size-medium colorbox-295207 \" src=\"https:\/\/www.pmvc.ba.gov.br\/wp-content\/uploads\/Entrega-Escola-Campo-Formoso-13-02-47-473x315.jpg\" sizes=\"(max-width: 473px) 100vw, 473px\" srcset=\"https:\/\/www.pmvc.ba.gov.br\/wp-content\/uploads\/Entrega-Escola-Campo-Formoso-13-02-47-473x315.jpg 473w, https:\/\/www.pmvc.ba.gov.br\/wp-content\/uploads\/Entrega-Escola-Campo-Formoso-13-02-47-200x133.jpg 200w, https:\/\/www.pmvc.ba.gov.br\/wp-content\/uploads\/Entrega-Escola-Campo-Formoso-13-02-47-768x512.jpg 768w, https:\/\/www.pmvc.ba.gov.br\/wp-content\/uploads\/Entrega-Escola-Campo-Formoso-13-02-47-1020x680.jpg 1020w, https:\/\/www.pmvc.ba.gov.br\/wp-content\/uploads\/Entrega-Escola-Campo-Formoso-13-02-47-680x452.jpg 680w, https:\/\/www.pmvc.ba.gov.br\/wp-content\/uploads\/Entrega-Escola-Campo-Formoso-13-02-47.jpg 1200w\" alt=\"\" width=\"473\" height=\"315\" \/><\/a><\/dt>\n<\/dl>\n<dl class=\"gallery-item\">\n<dt class=\"gallery-icon landscape\"><a class=\"cboxElement\" href=\"https:\/\/www.pmvc.ba.gov.br\/wp-content\/uploads\/Entrega-Escola-Campo-Formoso-13-02-4.jpg\"><img decoding=\"async\" loading=\"lazy\" class=\"attachment-medium size-medium colorbox-295207 \" src=\"https:\/\/www.pmvc.ba.gov.br\/wp-content\/uploads\/Entrega-Escola-Campo-Formoso-13-02-4-473x315.jpg\" sizes=\"(max-width: 473px) 100vw, 473px\" srcset=\"https:\/\/www.pmvc.ba.gov.br\/wp-content\/uploads\/Entrega-Escola-Campo-Formoso-13-02-4-473x315.jpg 473w, https:\/\/www.pmvc.ba.gov.br\/wp-content\/uploads\/Entrega-Escola-Campo-Formoso-13-02-4-200x133.jpg 200w, https:\/\/www.pmvc.ba.gov.br\/wp-content\/uploads\/Entrega-Escola-Campo-Formoso-13-02-4-768x512.jpg 768w, https:\/\/www.pmvc.ba.gov.br\/wp-content\/uploads\/Entrega-Escola-Campo-Formoso-13-02-4-1020x680.jpg 1020w, https:\/\/www.pmvc.ba.gov.br\/wp-content\/uploads\/Entrega-Escola-Campo-Formoso-13-02-4-680x452.jpg 680w, https:\/\/www.pmvc.ba.gov.br\/wp-content\/uploads\/Entrega-Escola-Campo-Formoso-13-02-4.jpg 1200w\" alt=\"\" width=\"473\" height=\"315\" \/><\/a><\/dt>\n<\/dl>\n<dl class=\"gallery-item\">\n<dt class=\"gallery-icon landscape\"><a class=\"cboxElement\" href=\"https:\/\/www.pmvc.ba.gov.br\/wp-content\/uploads\/Entrega-Escola-Campo-Formoso-13-02-9.jpg\"><img decoding=\"async\" loading=\"lazy\" class=\"attachment-medium size-medium colorbox-295207 \" src=\"https:\/\/www.pmvc.ba.gov.br\/wp-content\/uploads\/Entrega-Escola-Campo-Formoso-13-02-9-473x315.jpg\" sizes=\"(max-width: 473px) 100vw, 473px\" srcset=\"https:\/\/www.pmvc.ba.gov.br\/wp-content\/uploads\/Entrega-Escola-Campo-Formoso-13-02-9-473x315.jpg 473w, https:\/\/www.pmvc.ba.gov.br\/wp-content\/uploads\/Entrega-Escola-Campo-Formoso-13-02-9-200x133.jpg 200w, https:\/\/www.pmvc.ba.gov.br\/wp-content\/uploads\/Entrega-Escola-Campo-Formoso-13-02-9-768x512.jpg 768w, https:\/\/www.pmvc.ba.gov.br\/wp-content\/uploads\/Entrega-Escola-Campo-Formoso-13-02-9-1020x680.jpg 1020w, https:\/\/www.pmvc.ba.gov.br\/wp-content\/uploads\/Entrega-Escola-Campo-Formoso-13-02-9-680x452.jpg 680w, https:\/\/www.pmvc.ba.gov.br\/wp-content\/uploads\/Entrega-Escola-Campo-Formoso-13-02-9.jpg 1200w\" alt=\"\" width=\"473\" height=\"315\" \/><\/a><\/dt>\n<\/dl>\n<\/div>\n<p>Como principal exemplo deste compromisso est\u00e1 a Escola Municipal Otaviano Salgado, entregue \u00e0 comunidade de Campo Formoso, no distrito de Igu\u00e1. Num investimento superior a R$ 2,3 milh\u00f5es, o novo pr\u00e9dio passou a contar com seis salas de aula, laborat\u00f3rio, audit\u00f3rio, cozinha, refeit\u00f3rio, sala de leitura, dep\u00f3sito e espa\u00e7o para recrea\u00e7\u00e3o.<\/p>\n<p>Al\u00e9m disso, a unidade tamb\u00e9m se tornou a primeira escola da zona rural a oferecer ensino em tempo integral.<\/p>\n<p>Outra obra que merece destaque \u00e9 a reforma da Escola Municipal Mozart Tanajura, localizada no bairro Vila Am\u00e9rica. Por meio desta interven\u00e7\u00e3o, a unidade recebeu melhorias que abrangem, entre outras, a troca de madeiramento do telhado, retelhamento com telhas em cer\u00e2mica, instala\u00e7\u00e3o de forro PVC em todas as salas e revis\u00f5es nas instala\u00e7\u00f5es el\u00e9tricas e hidr\u00e1ulicas.<\/p>\n<p>A manuten\u00e7\u00e3o realizada pela Smed n\u00e3o se direcionou somente \u00e0s constru\u00e7\u00f5es, mas tamb\u00e9m a servi\u00e7os como carpintaria, capina de terrenos ao redor das unidades, limpeza de fossas e caixas de gordura, desinfec\u00e7\u00e3o de caixas d\u2019\u00e1gua, entre outras interven\u00e7\u00f5es.<\/p>\n<p><strong>Mobili\u00e1rio e outros utens\u00edlios<\/strong><\/p>\n<p>No que se refere \u00e0 distribui\u00e7\u00e3o de mobili\u00e1rio escolar, a Smed entregou 2 mil carteiras escolares nos primeiros seis meses de 2023. Para os alunos da Educa\u00e7\u00e3o Infantil, foram entregues 240 conjuntos infantis durante o mesmo per\u00edodo. Tamb\u00e9m entre janeiro e junho, a Rede Municipal de Ensino recebeu 110 conjuntos de forno e fog\u00e3o, 60 freezers, 600 ventiladores de parede, 100 purificadores de \u00e1gua, 100 liquidificadores industriais, 150 cadeiras girat\u00f3rias, 3,3 mil cadeiras fixas, 80 mesas para reuni\u00e3o, 100 arm\u00e1rios do tipo \u201croupeiro\u201d, 100 arm\u00e1rios de a\u00e7o, 200 arquivos de a\u00e7o deslizantes e 30 estantes de a\u00e7o refor\u00e7adas.<\/p>\n<p>Tamb\u00e9m foram distribu\u00eddos fardamentos para os servidores da Smed: os vigilantes receberam 150 unidades; os manipuladores de alimentos, 367; e os auxiliares de higieniza\u00e7\u00e3o, 571. Na marcenaria, a produ\u00e7\u00e3o de mobili\u00e1rios e materiais em MDF atingiu a marca de 271 objetos fabricados.<\/p>\n","protected":false},"excerpt":{"rendered":"<p>Investir na infraestrutura das unidades de ensino municipais para garantir \u00e0 comunidade escolar um ambiente adequado, seguro e moderno para o processo de ensino-aprendizagem. Esta \u00e9 uma das prioridades do Governo para Pessoas e que j\u00e1 beneficiou, num per\u00edodo de pouco mais de dois anos, 67 unidades, com servi\u00e7os como reformas, amplia\u00e7\u00f5es ou constru\u00e7\u00f5es. Nas &hellip;<\/p>\n","protected":false},"author":3,"featured_media":8495,"comment_status":"closed","ping_status":"closed","sticky":false,"template":"","format":"standard","meta":{"_links_to":"","_links_to_target":""},"categories":[22],"tags":[],"_links":{"self":[{"href":"https:\/\/www.didasantos.com.br\/v1\/wp-json\/wp\/v2\/posts\/8494"}],"collection":[{"href":"https:\/\/www.didasantos.com.br\/v1\/wp-json\/wp\/v2\/posts"}],"about":[{"href":"https:\/\/www.didasantos.com.br\/v1\/wp-json\/wp\/v2\/types\/post"}],"author":[{"embeddable":true,"href":"https:\/\/www.didasantos.com.br\/v1\/wp-json\/wp\/v2\/users\/3"}],"replies":[{"embeddable":true,"href":"https:\/\/www.didasantos.com.br\/v1\/wp-json\/wp\/v2\/comments?post=8494"}],"version-history":[{"count":2,"href":"https:\/\/www.didasantos.com.br\/v1\/wp-json\/wp\/v2\/posts\/8494\/revisions"}],"predecessor-version":[{"id":8497,"href":"https:\/\/www.didasantos.com.br\/v1\/wp-json\/wp\/v2\/posts\/8494\/revisions\/8497"}],"wp:featuredmedia":[{"embeddable":true,"href":"https:\/\/www.didasantos.com.br\/v1\/wp-json\/wp\/v2\/media\/8495"}],"wp:attachment":[{"href":"https:\/\/www.didasantos.com.br\/v1\/wp-json\/wp\/v2\/media?parent=8494"}],"wp:term":[{"taxonomy":"category","embeddable":true,"href":"https:\/\/www.didasantos.com.br\/v1\/wp-json\/wp\/v2\/categories?post=8494"},{"taxonomy":"post_tag","embeddable":true,"href":"https:\/\/www.didasantos.com.br\/v1\/wp-json\/wp\/v2\/tags?post=8494"}],"curies":[{"name":"wp","href":"https:\/\/api.w.org\/{rel}","templated":true}]}}