{"id":8509,"date":"2023-07-11T21:49:56","date_gmt":"2023-07-12T00:49:56","guid":{"rendered":"https:\/\/www.didasantos.com.br\/v1\/?p=8509"},"modified":"2023-07-11T22:02:03","modified_gmt":"2023-07-12T01:02:03","slug":"prefeita-sheila-lemos-discute-melhorias-para-o-bairro-vila-america-em-encontro-com-o-blog-do-dida-santos","status":"publish","type":"post","link":"https:\/\/www.didasantos.com.br\/v1\/2023\/07\/11\/prefeita-sheila-lemos-discute-melhorias-para-o-bairro-vila-america-em-encontro-com-o-blog-do-dida-santos\/","title":{"rendered":"Prefeita Sheila Lemos discute melhorias para o bairro Vila Am\u00e9rica em encontro com o Blog do Dida Santos"},"content":{"rendered":"<p>No \u00faltimo encontro matinal desta ter\u00e7a-feira, a prefeita Sheila Lemos teve uma conversa franca com o blogueiro Dida Santos, abordando diversas quest\u00f5es relacionadas \u00e0s melhorias necess\u00e1rias para o bairro Vila Am\u00e9rica e \u00e0s reivindica\u00e7\u00f5es visando o crescimento cont\u00ednuo da comunidade em conjunto com a cidade de Vit\u00f3ria da Conquista. O objetivo do di\u00e1logo foi estabelecer uma colabora\u00e7\u00e3o entre o blog e a prefeitura, a fim de impulsionar o desenvolvimento tanto da capital do sudoeste quanto do bairro em quest\u00e3o, assim como toda a zona rural.<\/p>\n<p>Durante a reuni\u00e3o, a prefeita Sheila Lemos destacou a import\u00e2ncia de ouvir a voz da comunidade e compreender suas necessidades para implementar a\u00e7\u00f5es efetivas. Ela ressaltou que a atual administra\u00e7\u00e3o municipal tem como prioridade as pessoas e o crescimento sustent\u00e1vel da cidade. A prefeita expressou seu compromisso em proporcionar melhorias para o bairro Vila Am\u00e9rica, assegurando que sua gest\u00e3o continuar\u00e1 trabalhando em conjunto com a comunidade para atender \u00e0s demandas locais.<\/p>\n<p>O blog do Dida Santos, reconhecido por seu papel ativo no cen\u00e1rio pol\u00edtico e social da regi\u00e3o, se coloca como um importante aliado para promover a divulga\u00e7\u00e3o das a\u00e7\u00f5es do governo municipal e estabelecer uma ponte de di\u00e1logo entre os moradores do Vila Am\u00e9rica e a prefeitura. O encontro refor\u00e7ou a parceria entre o blogueiro e a administra\u00e7\u00e3o, visando estimular a participa\u00e7\u00e3o dos cidad\u00e3os e promover um desenvolvimento inclusivo e abrangente.<\/p>\n<p>Dentre as melhorias discutidas, foram abordadas quest\u00f5es relacionadas \u00e0 infraestrutura, recupera\u00e7\u00e3o da avenida Francisco Sabino, a reposi\u00e7\u00e3o das l\u00e2mpadas atrav\u00e9s do projeto &#8220;brilha conquista&#8221;, seguran\u00e7a, mobilidade urbana e acesso aos servi\u00e7os p\u00fablicos. A prefeita Sheila Lemos ressaltou a import\u00e2ncia de investimentos nessas \u00e1reas para garantir a qualidade de vida dos moradores do bairro e de toda a cidade.<\/p>\n<p>Al\u00e9m disso, a reuni\u00e3o tamb\u00e9m foi uma oportunidade para a prefeita destacar o trabalho em prol da zona rural de Vit\u00f3ria da Conquista. A gest\u00e3o municipal busca equilibrar o desenvolvimento entre a \u00e1rea urbana e rural, garantindo que todas as regi\u00f5es sejam beneficiadas por pol\u00edticas p\u00fablicas eficazes. A prefeita Sheila Lemos enfatizou o compromisso em promover a inclus\u00e3o e o progresso de todos os cidad\u00e3os, independentemente de sua localiza\u00e7\u00e3o geogr\u00e1fica.<\/p>\n<p>O blog do Dida Santos se comprometeu a divulgar as demandas e melhorias discutidas no encontro, ampliando o alcance das informa\u00e7\u00f5es e promovendo uma maior participa\u00e7\u00e3o da comunidade. Essa parceria entre a prefeitura e o blog ressalta a import\u00e2ncia da transpar\u00eancia e do di\u00e1logo aberto na constru\u00e7\u00e3o de uma cidade mais justa, igualit\u00e1ria e em constante crescimento.<\/p>\n<p>Com essa iniciativa, a prefeitura de Vit\u00f3ria da Conquista busca fortalecer o v\u00ednculo com a popula\u00e7\u00e3o, estabelecendo um canal direto de comunica\u00e7\u00e3o e mostrando o comprometimento com o bem-estar dos cidad\u00e3os. A reuni\u00e3o entre a prefeita Sheila Lemos e o blog do Dida Santos representa um passo significativo em dire\u00e7\u00e3o ao desenvolvimento integrado do bairro Vila Am\u00e9rica e de toda a cidade, com vistas a um futuro promissor e sustent\u00e1vel para todos os seus habitantes.<\/p>\n<p>Veja a entrevista completa no v\u00eddeo abaixo:<\/p>\n<p><iframe loading=\"lazy\" src=\"https:\/\/drive.google.com\/file\/d\/1_4jLM2IN6TzBTuLxgp5NFD_oNQw8GF8x\/preview\" width=\"440\" height=\"280\"><span data-mce-type=\"bookmark\" style=\"display: inline-block; width: 0px; overflow: hidden; line-height: 0;\" class=\"mce_SELRES_start\">\ufeff<\/span><\/iframe><\/p>\n","protected":false},"excerpt":{"rendered":"<p>No \u00faltimo encontro matinal desta ter\u00e7a-feira, a prefeita Sheila Lemos teve uma conversa franca com o blogueiro Dida Santos, abordando diversas quest\u00f5es relacionadas \u00e0s melhorias necess\u00e1rias para o bairro Vila Am\u00e9rica e \u00e0s reivindica\u00e7\u00f5es visando o crescimento cont\u00ednuo da comunidade em conjunto com a cidade de Vit\u00f3ria da Conquista. O objetivo do di\u00e1logo foi estabelecer &hellip;<\/p>\n","protected":false},"author":3,"featured_media":8510,"comment_status":"closed","ping_status":"closed","sticky":false,"template":"","format":"standard","meta":{"_links_to":"","_links_to_target":""},"categories":[22],"tags":[],"_links":{"self":[{"href":"https:\/\/www.didasantos.com.br\/v1\/wp-json\/wp\/v2\/posts\/8509"}],"collection":[{"href":"https:\/\/www.didasantos.com.br\/v1\/wp-json\/wp\/v2\/posts"}],"about":[{"href":"https:\/\/www.didasantos.com.br\/v1\/wp-json\/wp\/v2\/types\/post"}],"author":[{"embeddable":true,"href":"https:\/\/www.didasantos.com.br\/v1\/wp-json\/wp\/v2\/users\/3"}],"replies":[{"embeddable":true,"href":"https:\/\/www.didasantos.com.br\/v1\/wp-json\/wp\/v2\/comments?post=8509"}],"version-history":[{"count":2,"href":"https:\/\/www.didasantos.com.br\/v1\/wp-json\/wp\/v2\/posts\/8509\/revisions"}],"predecessor-version":[{"id":8512,"href":"https:\/\/www.didasantos.com.br\/v1\/wp-json\/wp\/v2\/posts\/8509\/revisions\/8512"}],"wp:featuredmedia":[{"embeddable":true,"href":"https:\/\/www.didasantos.com.br\/v1\/wp-json\/wp\/v2\/media\/8510"}],"wp:attachment":[{"href":"https:\/\/www.didasantos.com.br\/v1\/wp-json\/wp\/v2\/media?parent=8509"}],"wp:term":[{"taxonomy":"category","embeddable":true,"href":"https:\/\/www.didasantos.com.br\/v1\/wp-json\/wp\/v2\/categories?post=8509"},{"taxonomy":"post_tag","embeddable":true,"href":"https:\/\/www.didasantos.com.br\/v1\/wp-json\/wp\/v2\/tags?post=8509"}],"curies":[{"name":"wp","href":"https:\/\/api.w.org\/{rel}","templated":true}]}}