{"id":8516,"date":"2023-07-13T14:10:50","date_gmt":"2023-07-13T17:10:50","guid":{"rendered":"https:\/\/www.didasantos.com.br\/v1\/?p=8516"},"modified":"2023-07-13T14:10:50","modified_gmt":"2023-07-13T17:10:50","slug":"moradores-da-rua-jose-martins-na-vila-america-solicitam-extensao-de-rede-de-energia-para-combater-a-escuridao-e-aumentar-a-seguranca-na-regiao","status":"publish","type":"post","link":"https:\/\/www.didasantos.com.br\/v1\/2023\/07\/13\/moradores-da-rua-jose-martins-na-vila-america-solicitam-extensao-de-rede-de-energia-para-combater-a-escuridao-e-aumentar-a-seguranca-na-regiao\/","title":{"rendered":"Moradores da Rua Jos\u00e9 Martins, na Vila Am\u00e9rica, solicitam extens\u00e3o de rede de energia para combater a escurid\u00e3o e aumentar a seguran\u00e7a na regi\u00e3o"},"content":{"rendered":"<p>Na noite desta quarta-feira, o Blog Dida Santos teve o privil\u00e9gio de ser convidado pelos moradores da Rua Jos\u00e9 Martins, localizada na Vila Am\u00e9rica, para relatar a necessidade urgente de uma extens\u00e3o de rede de energia naquela regi\u00e3o. Os residentes afirmam que a escurid\u00e3o tem contribu\u00eddo para o aumento de assaltos, causando preocupa\u00e7\u00e3o e inseguran\u00e7a.<\/p>\n<p>Conscientes do papel fundamental que a imprensa exerce na busca por solu\u00e7\u00f5es, o Blog Dida Santos comprometeu-se a divulgar o problema e, al\u00e9m disso, enviou uma solicita\u00e7\u00e3o formal \u00e0 Assessoria Especial da Prefeitura e ao Secret\u00e1rio respons\u00e1vel. A mat\u00e9ria sobre essa situa\u00e7\u00e3o ser\u00e1 publicada hoje mesmo no blog.<\/p>\n<p>Os moradores reivindicam a instala\u00e7\u00e3o de uma extens\u00e3o de rede de energia na horta comunit\u00e1ria, onde frequentes invas\u00f5es t\u00eam ocorrido durante a noite, devido \u00e0 aus\u00eancia de ilumina\u00e7\u00e3o adequada. Al\u00e9m disso, eles apontaram a necessidade de iluminar tr\u00eas pra\u00e7as importantes para a comunidade: Pra\u00e7a Pedro de Alc\u00e2ntara, Pra\u00e7a Carlos Marighella e Pra\u00e7a Jos\u00e9 de San Martins.<\/p>\n<p>A solicita\u00e7\u00e3o dessas melhorias na infraestrutura de ilumina\u00e7\u00e3o \u00e9 considerada de extrema import\u00e2ncia para a seguran\u00e7a e bem-estar de todos os moradores da regi\u00e3o. A ilumina\u00e7\u00e3o adequada n\u00e3o apenas inibe a\u00e7\u00f5es criminosas, mas tamb\u00e9m proporciona um ambiente mais seguro para a comunidade, permitindo que as pessoas desfrutem das \u00e1reas p\u00fablicas com tranquilidade.<\/p>\n<p>O Blog Dida Santos recebeu informa\u00e7\u00f5es promissoras durante uma reuni\u00e3o com a prefeita na \u00faltima ter\u00e7a-feira. A prefeita assegurou aos moradores que, dentro de um prazo estimado de 30 a 40 dias, o programa &#8220;Brilha Conquista&#8221; chegar\u00e1 ao bairro, trazendo melhorias na ilumina\u00e7\u00e3o p\u00fablica. Essa not\u00edcia trouxe alento aos residentes, que agora aguardam ansiosamente pela implementa\u00e7\u00e3o dessas melhorias.<\/p>\n<p>A extens\u00e3o de rede de energia na horta comunit\u00e1ria e a ilumina\u00e7\u00e3o das pra\u00e7as Pedro de Alc\u00e2ntara, Carlos Marighella e Jos\u00e9 de San Martins ser\u00e3o passos fundamentais para tornar a regi\u00e3o mais segura e promover uma sensa\u00e7\u00e3o de pertencimento e conforto para toda a comunidade.<\/p>\n<p>O Blog Dida Santos continuar\u00e1 acompanhando de perto esse assunto e informar\u00e1 seus leitores sobre quaisquer atualiza\u00e7\u00f5es referentes ao progresso dessas melhorias t\u00e3o necess\u00e1rias na Vila Am\u00e9rica. Acreditamos no poder do di\u00e1logo entre a sociedade e o poder p\u00fablico para transformar positivamente as condi\u00e7\u00f5es de vida em nossas comunidades.<\/p>\n<p>Veja a entrevista com os moradores:<\/p>\n<p><iframe loading=\"lazy\" src=\"https:\/\/drive.google.com\/file\/d\/1b-OrAVT8bw7CwWS1ppPaLPEm3yatrWx-\/preview\" width=\"440\" height=\"280\"><span data-mce-type=\"bookmark\" style=\"display: inline-block; width: 0px; overflow: hidden; line-height: 0;\" class=\"mce_SELRES_start\">\ufeff<\/span><\/iframe><\/p>\n","protected":false},"excerpt":{"rendered":"<p>Na noite desta quarta-feira, o Blog Dida Santos teve o privil\u00e9gio de ser convidado pelos moradores da Rua Jos\u00e9 Martins, localizada na Vila Am\u00e9rica, para relatar a necessidade urgente de uma extens\u00e3o de rede de energia naquela regi\u00e3o. Os residentes afirmam que a escurid\u00e3o tem contribu\u00eddo para o aumento de assaltos, causando preocupa\u00e7\u00e3o e inseguran\u00e7a. &hellip;<\/p>\n","protected":false},"author":3,"featured_media":8517,"comment_status":"closed","ping_status":"closed","sticky":false,"template":"","format":"standard","meta":{"_links_to":"","_links_to_target":""},"categories":[22],"tags":[],"_links":{"self":[{"href":"https:\/\/www.didasantos.com.br\/v1\/wp-json\/wp\/v2\/posts\/8516"}],"collection":[{"href":"https:\/\/www.didasantos.com.br\/v1\/wp-json\/wp\/v2\/posts"}],"about":[{"href":"https:\/\/www.didasantos.com.br\/v1\/wp-json\/wp\/v2\/types\/post"}],"author":[{"embeddable":true,"href":"https:\/\/www.didasantos.com.br\/v1\/wp-json\/wp\/v2\/users\/3"}],"replies":[{"embeddable":true,"href":"https:\/\/www.didasantos.com.br\/v1\/wp-json\/wp\/v2\/comments?post=8516"}],"version-history":[{"count":1,"href":"https:\/\/www.didasantos.com.br\/v1\/wp-json\/wp\/v2\/posts\/8516\/revisions"}],"predecessor-version":[{"id":8518,"href":"https:\/\/www.didasantos.com.br\/v1\/wp-json\/wp\/v2\/posts\/8516\/revisions\/8518"}],"wp:featuredmedia":[{"embeddable":true,"href":"https:\/\/www.didasantos.com.br\/v1\/wp-json\/wp\/v2\/media\/8517"}],"wp:attachment":[{"href":"https:\/\/www.didasantos.com.br\/v1\/wp-json\/wp\/v2\/media?parent=8516"}],"wp:term":[{"taxonomy":"category","embeddable":true,"href":"https:\/\/www.didasantos.com.br\/v1\/wp-json\/wp\/v2\/categories?post=8516"},{"taxonomy":"post_tag","embeddable":true,"href":"https:\/\/www.didasantos.com.br\/v1\/wp-json\/wp\/v2\/tags?post=8516"}],"curies":[{"name":"wp","href":"https:\/\/api.w.org\/{rel}","templated":true}]}}