{"id":8563,"date":"2023-07-18T18:37:28","date_gmt":"2023-07-18T21:37:28","guid":{"rendered":"https:\/\/www.didasantos.com.br\/v1\/?p=8563"},"modified":"2023-07-19T18:20:19","modified_gmt":"2023-07-19T21:20:19","slug":"tres-dias-de-festas-do-sao-pedro-beneficente-do-renato-magalhaes-sao-um-sucesso","status":"publish","type":"post","link":"https:\/\/www.didasantos.com.br\/v1\/2023\/07\/18\/tres-dias-de-festas-do-sao-pedro-beneficente-do-renato-magalhaes-sao-um-sucesso\/","title":{"rendered":"Tr\u00eas dias de festas do S\u00e3o Pedro beneficente do Renato Magalh\u00e3es s\u00e3o um sucesso"},"content":{"rendered":"<p>Renato Magalh\u00e3es &#8211; Nos \u00faltimos tr\u00eas dias, a comunidade do Renato Magalh\u00e3es e regi\u00f5es vizinhas se reuniram para celebrar o S\u00e3o Pedro beneficente, um evento que n\u00e3o apenas proporcionou divers\u00e3o e m\u00fasica, mas tamb\u00e9m ajudou muitas fam\u00edlias necessitadas. Com a presen\u00e7a de atra\u00e7\u00f5es incr\u00edveis, o p\u00fablico desfrutou de momentos de descontra\u00e7\u00e3o e solidariedade.<\/p>\n<p><img decoding=\"async\" loading=\"lazy\" class=\"wp-image-8569 alignnone\" src=\"https:\/\/www.didasantos.com.br\/v1\/wp-content\/uploads\/2023\/07\/IMG-20230717-WA0185.jpg\" alt=\"\" width=\"358\" height=\"238\" srcset=\"https:\/\/www.didasantos.com.br\/v1\/wp-content\/uploads\/2023\/07\/IMG-20230717-WA0185.jpg 770w, https:\/\/www.didasantos.com.br\/v1\/wp-content\/uploads\/2023\/07\/IMG-20230717-WA0185-300x200.jpg 300w, https:\/\/www.didasantos.com.br\/v1\/wp-content\/uploads\/2023\/07\/IMG-20230717-WA0185-768x512.jpg 768w\" sizes=\"(max-width: 358px) 100vw, 358px\" \/> <img decoding=\"async\" loading=\"lazy\" class=\"alignnone wp-image-8570\" src=\"https:\/\/www.didasantos.com.br\/v1\/wp-content\/uploads\/2023\/07\/IMG-20230717-WA0189.jpg\" alt=\"\" width=\"358\" height=\"238\" srcset=\"https:\/\/www.didasantos.com.br\/v1\/wp-content\/uploads\/2023\/07\/IMG-20230717-WA0189.jpg 770w, https:\/\/www.didasantos.com.br\/v1\/wp-content\/uploads\/2023\/07\/IMG-20230717-WA0189-300x200.jpg 300w, https:\/\/www.didasantos.com.br\/v1\/wp-content\/uploads\/2023\/07\/IMG-20230717-WA0189-768x512.jpg 768w\" sizes=\"(max-width: 358px) 100vw, 358px\" \/><\/p>\n<p>Agradecemos a todos que contribu\u00edram para o sucesso dessa festa. Primeiramente, expressamos nossa gratid\u00e3o \u00e0s atra\u00e7\u00f5es que se apresentaram, levando o p\u00fablico a se divertir com muita m\u00fasica e alegria. Suas performances cativantes foram fundamentais para criar uma atmosfera contagiante durante todo o evento.<\/p>\n<p>Al\u00e9m disso, gostar\u00edamos de estender nossos agradecimentos \u00e0 comunidade do Renato Magalh\u00e3es, aos bairros vizinhos e aos comerciantes que apoiaram e participaram ativamente do evento. Foi incr\u00edvel testemunhar a uni\u00e3o de todos em prol de uma causa nobre.<\/p>\n<p><img decoding=\"async\" loading=\"lazy\" class=\"alignnone size-full wp-image-8566\" src=\"https:\/\/www.didasantos.com.br\/v1\/wp-content\/uploads\/2023\/07\/IMG-20230717-WA0148.jpg\" alt=\"\" width=\"770\" height=\"347\" srcset=\"https:\/\/www.didasantos.com.br\/v1\/wp-content\/uploads\/2023\/07\/IMG-20230717-WA0148.jpg 770w, https:\/\/www.didasantos.com.br\/v1\/wp-content\/uploads\/2023\/07\/IMG-20230717-WA0148-300x135.jpg 300w, https:\/\/www.didasantos.com.br\/v1\/wp-content\/uploads\/2023\/07\/IMG-20230717-WA0148-768x346.jpg 768w\" sizes=\"(max-width: 770px) 100vw, 770px\" \/><\/p>\n<p>Tamb\u00e9m n\u00e3o podemos deixar de mencionar a Pol\u00edcia Militar, que n\u00e3o mediu esfor\u00e7os para garantir a seguran\u00e7a e o bom desenvolvimento do evento. Sua presen\u00e7a constante e a atua\u00e7\u00e3o eficiente foram fundamentais para o sucesso e o bem-estar de todos os presentes.<\/p>\n<p>Uma men\u00e7\u00e3o especial vai para o organizador Junior Orelha, cujo compromisso com a obra social do nosso bairro \u00e9 not\u00e1vel. Sua dedica\u00e7\u00e3o incans\u00e1vel e sua vis\u00e3o solid\u00e1ria fizeram com que esse evento se tornasse uma realidade, trazendo esperan\u00e7a e aux\u00edlio a muitas fam\u00edlias necessitadas.<\/p>\n<p><img decoding=\"async\" loading=\"lazy\" class=\"alignnone size-full wp-image-8565\" src=\"https:\/\/www.didasantos.com.br\/v1\/wp-content\/uploads\/2023\/07\/IMG-20230717-WA0147.jpg\" alt=\"\" width=\"770\" height=\"347\" srcset=\"https:\/\/www.didasantos.com.br\/v1\/wp-content\/uploads\/2023\/07\/IMG-20230717-WA0147.jpg 770w, https:\/\/www.didasantos.com.br\/v1\/wp-content\/uploads\/2023\/07\/IMG-20230717-WA0147-300x135.jpg 300w, https:\/\/www.didasantos.com.br\/v1\/wp-content\/uploads\/2023\/07\/IMG-20230717-WA0147-768x346.jpg 768w\" sizes=\"(max-width: 770px) 100vw, 770px\" \/><\/p>\n<p>Por fim, gostar\u00edamos de agradecer ao blog do Dida Santos, que fez a cobertura completa desse maravilhoso evento. Sua equipe registrou os momentos mais marcantes, compartilhando com o p\u00fablico as emo\u00e7\u00f5es vivenciadas durante os tr\u00eas dias de festas.<\/p>\n<p><img decoding=\"async\" loading=\"lazy\" class=\"alignnone size-full wp-image-8567\" src=\"https:\/\/www.didasantos.com.br\/v1\/wp-content\/uploads\/2023\/07\/IMG-20230717-WA0181.jpg\" alt=\"\" width=\"367\" height=\"550\" srcset=\"https:\/\/www.didasantos.com.br\/v1\/wp-content\/uploads\/2023\/07\/IMG-20230717-WA0181.jpg 367w, https:\/\/www.didasantos.com.br\/v1\/wp-content\/uploads\/2023\/07\/IMG-20230717-WA0181-200x300.jpg 200w\" sizes=\"(max-width: 367px) 100vw, 367px\" \/><\/p>\n<p>Com o sucesso alcan\u00e7ado neste ano, j\u00e1 estamos ansiosos para a edi\u00e7\u00e3o do S\u00e3o Pedro beneficente em 2024. Agradecemos a todos os envolvidos e refor\u00e7amos o compromisso de continuar promovendo eventos que unam divers\u00e3o, solidariedade e aux\u00edlio \u00e0s comunidades que mais precisam.<\/p>\n<p><iframe loading=\"lazy\" src=\"https:\/\/drive.google.com\/file\/d\/1hKpiTpBV-BQCL4EzeMcZnfbCWnsXJIPj\/preview\" width=\"440\" height=\"280\"><span data-mce-type=\"bookmark\" style=\"display: inline-block; width: 0px; overflow: hidden; line-height: 0;\" class=\"mce_SELRES_start\">\ufeff<\/span><\/iframe><\/p>\n<p>At\u00e9 2024, Renato Magalh\u00e3es continuar\u00e1 mostrando que \u00e9 poss\u00edvel celebrar com alegria e fazer a diferen\u00e7a na vida das pessoas. Juntos, podemos construir um futuro melhor para todos.<\/p>\n<p><iframe loading=\"lazy\" src=\"https:\/\/drive.google.com\/file\/d\/1hLGnt_I3oRoMUGGivWsAN1WzUnto8OGR\/preview\" width=\"440\" height=\"280\"><span data-mce-type=\"bookmark\" style=\"display: inline-block; width: 0px; overflow: hidden; line-height: 0;\" class=\"mce_SELRES_start\">\ufeff<\/span><\/iframe><\/p>\n<p><iframe loading=\"lazy\" src=\"https:\/\/drive.google.com\/file\/d\/1ikKVynztd3tSK2w3jHdbhFou3C3CSujg\/preview\" width=\"440\" height=\"280\"><span data-mce-type=\"bookmark\" style=\"display: inline-block; width: 0px; overflow: hidden; line-height: 0;\" class=\"mce_SELRES_start\">\ufeff<\/span><\/iframe><\/p>\n","protected":false},"excerpt":{"rendered":"<p>Renato Magalh\u00e3es &#8211; Nos \u00faltimos tr\u00eas dias, a comunidade do Renato Magalh\u00e3es e regi\u00f5es vizinhas se reuniram para celebrar o S\u00e3o Pedro beneficente, um evento que n\u00e3o apenas proporcionou divers\u00e3o e m\u00fasica, mas tamb\u00e9m ajudou muitas fam\u00edlias necessitadas. Com a presen\u00e7a de atra\u00e7\u00f5es incr\u00edveis, o p\u00fablico desfrutou de momentos de descontra\u00e7\u00e3o e solidariedade. Agradecemos a &hellip;<\/p>\n","protected":false},"author":3,"featured_media":8577,"comment_status":"closed","ping_status":"closed","sticky":false,"template":"","format":"standard","meta":{"_links_to":"","_links_to_target":""},"categories":[22],"tags":[],"_links":{"self":[{"href":"https:\/\/www.didasantos.com.br\/v1\/wp-json\/wp\/v2\/posts\/8563"}],"collection":[{"href":"https:\/\/www.didasantos.com.br\/v1\/wp-json\/wp\/v2\/posts"}],"about":[{"href":"https:\/\/www.didasantos.com.br\/v1\/wp-json\/wp\/v2\/types\/post"}],"author":[{"embeddable":true,"href":"https:\/\/www.didasantos.com.br\/v1\/wp-json\/wp\/v2\/users\/3"}],"replies":[{"embeddable":true,"href":"https:\/\/www.didasantos.com.br\/v1\/wp-json\/wp\/v2\/comments?post=8563"}],"version-history":[{"count":3,"href":"https:\/\/www.didasantos.com.br\/v1\/wp-json\/wp\/v2\/posts\/8563\/revisions"}],"predecessor-version":[{"id":8579,"href":"https:\/\/www.didasantos.com.br\/v1\/wp-json\/wp\/v2\/posts\/8563\/revisions\/8579"}],"wp:featuredmedia":[{"embeddable":true,"href":"https:\/\/www.didasantos.com.br\/v1\/wp-json\/wp\/v2\/media\/8577"}],"wp:attachment":[{"href":"https:\/\/www.didasantos.com.br\/v1\/wp-json\/wp\/v2\/media?parent=8563"}],"wp:term":[{"taxonomy":"category","embeddable":true,"href":"https:\/\/www.didasantos.com.br\/v1\/wp-json\/wp\/v2\/categories?post=8563"},{"taxonomy":"post_tag","embeddable":true,"href":"https:\/\/www.didasantos.com.br\/v1\/wp-json\/wp\/v2\/tags?post=8563"}],"curies":[{"name":"wp","href":"https:\/\/api.w.org\/{rel}","templated":true}]}}