{"id":8664,"date":"2023-07-28T12:12:01","date_gmt":"2023-07-28T15:12:01","guid":{"rendered":"https:\/\/www.didasantos.com.br\/v1\/?p=8664"},"modified":"2023-07-28T12:19:00","modified_gmt":"2023-07-28T15:19:00","slug":"moradores-da-vila-america-unem-se-para-reivindicar-melhorias-na-avenida-francisco-sabino-e-diogo-alves","status":"publish","type":"post","link":"https:\/\/www.didasantos.com.br\/v1\/2023\/07\/28\/moradores-da-vila-america-unem-se-para-reivindicar-melhorias-na-avenida-francisco-sabino-e-diogo-alves\/","title":{"rendered":"Moradores do Vila Am\u00e9rica Unem-se para Reivindicar Melhorias nas Avenidas Francisco Sabino e Diogo Alves"},"content":{"rendered":"<p>Os moradores do bairro Vila Am\u00e9rica, na cidade de Conquista, est\u00e3o se unindo para reivindicar melhorias na infraestrutura das importantes vias locais: a Avenida Francisco Sabino e a Avenida Diogo Alves. Liderados por Thiago e \u00c1tila, dois representantes da comunidade, os residentes est\u00e3o solicitando educadamente \u00e0s autoridades competentes a realiza\u00e7\u00e3o de obras que possam aprimorar o tr\u00e1fego e a seguran\u00e7a da regi\u00e3o.<\/p>\n<p><iframe loading=\"lazy\" src=\"https:\/\/drive.google.com\/file\/d\/1ork49DG6SqiMegtm0PURawSky3Vh414Z\/preview\" width=\"440\" height=\"280\"><span data-mce-type=\"bookmark\" style=\"display: inline-block; width: 0px; overflow: hidden; line-height: 0;\" class=\"mce_SELRES_start\">\ufeff<\/span><\/iframe><\/p>\n<p>Com o crescimento populacional do bairro nos \u00faltimos anos, o aumento no fluxo de ve\u00edculos e pedestres tem se tornado uma preocupa\u00e7\u00e3o para os moradores. A Avenida Francisco Sabino e a Avenida Diogo Alves, que cortam o bairro, s\u00e3o vias essenciais para o acesso a outras \u00e1reas da cidade e, portanto, a necessidade de melhorias se tornou ainda mais evidente.<\/p>\n<p>&nbsp;<\/p>\n<p>Thiago e \u00c1tila, ao liderarem esse movimento, ressaltam que suas reivindica\u00e7\u00f5es s\u00e3o pautadas no di\u00e1logo e na busca por solu\u00e7\u00f5es que beneficiem toda a comunidade. Eles enfatizam que a melhoria na mobilidade urbana n\u00e3o apenas tornaria o tr\u00e2nsito mais fluido, mas tamb\u00e9m contribuiria para a seguran\u00e7a de pedestres e ciclistas, que frequentemente utilizam as vias.<\/p>\n<p><img decoding=\"async\" loading=\"lazy\" class=\"alignnone size-full wp-image-8666\" src=\"https:\/\/www.didasantos.com.br\/v1\/wp-content\/uploads\/2023\/07\/Moradores-da-Vila-America-Unem-se-para-Reivindicar-Melhorias-na-Avenida-Francisco-Sabino-e-Diogo-Alves.jpg\" alt=\"\" width=\"770\" height=\"433\" srcset=\"https:\/\/www.didasantos.com.br\/v1\/wp-content\/uploads\/2023\/07\/Moradores-da-Vila-America-Unem-se-para-Reivindicar-Melhorias-na-Avenida-Francisco-Sabino-e-Diogo-Alves.jpg 770w, https:\/\/www.didasantos.com.br\/v1\/wp-content\/uploads\/2023\/07\/Moradores-da-Vila-America-Unem-se-para-Reivindicar-Melhorias-na-Avenida-Francisco-Sabino-e-Diogo-Alves-300x169.jpg 300w, https:\/\/www.didasantos.com.br\/v1\/wp-content\/uploads\/2023\/07\/Moradores-da-Vila-America-Unem-se-para-Reivindicar-Melhorias-na-Avenida-Francisco-Sabino-e-Diogo-Alves-768x432.jpg 768w, https:\/\/www.didasantos.com.br\/v1\/wp-content\/uploads\/2023\/07\/Moradores-da-Vila-America-Unem-se-para-Reivindicar-Melhorias-na-Avenida-Francisco-Sabino-e-Diogo-Alves-390x220.jpg 390w\" sizes=\"(max-width: 770px) 100vw, 770px\" \/><\/p>\n<p>Al\u00e9m disso, em meio \u00e0s reivindica\u00e7\u00f5es por melhorias, os moradores tamb\u00e9m t\u00eam elogiado o trabalho da prefeitura na \u00e1rea de ilumina\u00e7\u00e3o p\u00fablica por meio do projeto &#8220;Brilha Conquista&#8221;. O projeto, que busca garantir uma melhor ilumina\u00e7\u00e3o nas ruas e avenidas da cidade, tem sido bem recebido pela popula\u00e7\u00e3o da Vila Am\u00e9rica. Thiago e \u00c1tila destacam que a ilumina\u00e7\u00e3o adequada \u00e9 um fator crucial para aumentar a sensa\u00e7\u00e3o de seguran\u00e7a, al\u00e9m de contribuir para o embelezamento do bairro durante a noite.<\/p>\n<p>&nbsp;<\/p>\n<p>O engajamento dos moradores tem se refletido em encontros com representantes da prefeitura, onde as demandas s\u00e3o apresentadas de forma respeitosa e embasada. O di\u00e1logo aberto entre ambas as partes tem permitido a discuss\u00e3o de solu\u00e7\u00f5es vi\u00e1veis para os problemas enfrentados, demonstrando a import\u00e2ncia da participa\u00e7\u00e3o cidad\u00e3 no desenvolvimento da cidade.<\/p>\n<p>Diante das reivindica\u00e7\u00f5es dos moradores da Vila Am\u00e9rica, a prefeitura de Conquista comprometeu-se a realizar um estudo detalhado das necessidades das avenidas Francisco Sabino e Diogo Alves. O objetivo \u00e9 identificar as principais demandas e elaborar um plano de a\u00e7\u00e3o para a realiza\u00e7\u00e3o das melhorias requeridas pela comunidade.<\/p>\n<p><img decoding=\"async\" loading=\"lazy\" class=\"alignnone size-full wp-image-8665\" src=\"https:\/\/www.didasantos.com.br\/v1\/wp-content\/uploads\/2023\/07\/IMG-20230728-WA0049.jpg\" alt=\"\" width=\"770\" height=\"433\" srcset=\"https:\/\/www.didasantos.com.br\/v1\/wp-content\/uploads\/2023\/07\/IMG-20230728-WA0049.jpg 770w, https:\/\/www.didasantos.com.br\/v1\/wp-content\/uploads\/2023\/07\/IMG-20230728-WA0049-300x169.jpg 300w, https:\/\/www.didasantos.com.br\/v1\/wp-content\/uploads\/2023\/07\/IMG-20230728-WA0049-768x432.jpg 768w, https:\/\/www.didasantos.com.br\/v1\/wp-content\/uploads\/2023\/07\/IMG-20230728-WA0049-390x220.jpg 390w\" sizes=\"(max-width: 770px) 100vw, 770px\" \/><\/p>\n<p>O movimento liderado por Thiago e \u00c1tila serve como exemplo de como a uni\u00e3o e o engajamento dos moradores podem influenciar positivamente o desenvolvimento da cidade. O di\u00e1logo aberto e a busca por solu\u00e7\u00f5es conjuntas s\u00e3o fundamentais para a constru\u00e7\u00e3o de uma comunidade mais harmoniosa e pr\u00f3spera.<\/p>\n<p>A prefeitura, por sua vez, reconhece a import\u00e2ncia da participa\u00e7\u00e3o da popula\u00e7\u00e3o e destaca que a colabora\u00e7\u00e3o entre governo e comunidade \u00e9 essencial para promover transforma\u00e7\u00f5es significativas e duradouras.<\/p>\n<p>A expectativa \u00e9 que, com o trabalho conjunto entre moradores e autoridades, a Vila Am\u00e9rica experimente melhorias nas vias e na infraestrutura, proporcionando a todos uma cidade mais segura, acess\u00edvel e bem iluminada. Lembrando que a prefeita j\u00e1 notificou em reuni\u00e3o com o amigo Dida Santos que as obras ser\u00e3o conclu\u00eddas em breve.<\/p>\n<p>Veja no v\u00eddeo abaixo:<\/p>\n<p><iframe loading=\"lazy\" src=\"https:\/\/drive.google.com\/file\/d\/1_4jLM2IN6TzBTuLxgp5NFD_oNQw8GF8x\/preview\" width=\"440\" height=\"280\"><\/iframe><\/p>\n","protected":false},"excerpt":{"rendered":"<p>Os moradores do bairro Vila Am\u00e9rica, na cidade de Conquista, est\u00e3o se unindo para reivindicar melhorias na infraestrutura das importantes vias locais: a Avenida Francisco Sabino e a Avenida Diogo Alves. Liderados por Thiago e \u00c1tila, dois representantes da comunidade, os residentes est\u00e3o solicitando educadamente \u00e0s autoridades competentes a realiza\u00e7\u00e3o de obras que possam aprimorar &hellip;<\/p>\n","protected":false},"author":3,"featured_media":8666,"comment_status":"closed","ping_status":"closed","sticky":false,"template":"","format":"standard","meta":{"_links_to":"","_links_to_target":""},"categories":[22],"tags":[],"_links":{"self":[{"href":"https:\/\/www.didasantos.com.br\/v1\/wp-json\/wp\/v2\/posts\/8664"}],"collection":[{"href":"https:\/\/www.didasantos.com.br\/v1\/wp-json\/wp\/v2\/posts"}],"about":[{"href":"https:\/\/www.didasantos.com.br\/v1\/wp-json\/wp\/v2\/types\/post"}],"author":[{"embeddable":true,"href":"https:\/\/www.didasantos.com.br\/v1\/wp-json\/wp\/v2\/users\/3"}],"replies":[{"embeddable":true,"href":"https:\/\/www.didasantos.com.br\/v1\/wp-json\/wp\/v2\/comments?post=8664"}],"version-history":[{"count":5,"href":"https:\/\/www.didasantos.com.br\/v1\/wp-json\/wp\/v2\/posts\/8664\/revisions"}],"predecessor-version":[{"id":8672,"href":"https:\/\/www.didasantos.com.br\/v1\/wp-json\/wp\/v2\/posts\/8664\/revisions\/8672"}],"wp:featuredmedia":[{"embeddable":true,"href":"https:\/\/www.didasantos.com.br\/v1\/wp-json\/wp\/v2\/media\/8666"}],"wp:attachment":[{"href":"https:\/\/www.didasantos.com.br\/v1\/wp-json\/wp\/v2\/media?parent=8664"}],"wp:term":[{"taxonomy":"category","embeddable":true,"href":"https:\/\/www.didasantos.com.br\/v1\/wp-json\/wp\/v2\/categories?post=8664"},{"taxonomy":"post_tag","embeddable":true,"href":"https:\/\/www.didasantos.com.br\/v1\/wp-json\/wp\/v2\/tags?post=8664"}],"curies":[{"name":"wp","href":"https:\/\/api.w.org\/{rel}","templated":true}]}}