{"id":8694,"date":"2023-07-31T10:46:59","date_gmt":"2023-07-31T13:46:59","guid":{"rendered":"https:\/\/www.didasantos.com.br\/v1\/?p=8694"},"modified":"2023-07-31T10:49:03","modified_gmt":"2023-07-31T13:49:03","slug":"governo-de-sp-confirma-8-mortes-durante-busca-de-suspeitos-de-matar-pm-da-rota","status":"publish","type":"post","link":"https:\/\/www.didasantos.com.br\/v1\/2023\/07\/31\/governo-de-sp-confirma-8-mortes-durante-busca-de-suspeitos-de-matar-pm-da-rota\/","title":{"rendered":"Governo de SP confirma 8 mortes durante busca de suspeitos de matar PM da Rota"},"content":{"rendered":"<p>O governador do\u00a0<strong>Estado de S\u00e3o Paulo<\/strong>,\u00a0<strong>Tarc\u00edsio de Freitas<\/strong>\u00a0(Republicanos), confirmou que oito pessoas foram mortas durante as opera\u00e7\u00f5es da pol\u00edcia em busca dos respons\u00e1veis pela morte do soldado das\u00a0<strong>Rondas Ostensivas Tobias Aguiar<\/strong>\u00a0(Rota)\u00a0<strong>Patrick Bastos Reis<\/strong>. Tr\u00eas pessoas foram presas por envolvimento no crime, entre eles\u00a0<strong>Erickson David da Silva,<\/strong>\u00a0acusado de atirar e matar o PM na \u00faltima quinta-feira, 27, na cidade do\u00a0<strong>Guaruj\u00e1<\/strong>, no litoral de S\u00e3o Paulo. Em entrevista coletiva nesta segunda-feira, 31, al\u00e9m de confirmar as mortes, Tarc\u00edsio disse que \u201cn\u00e3o houve excesso\u201d da pol\u00edcia e classificou como \u201cinadmiss\u00edvel\u201d o ataque contra o soldado. \u201cAbalou muito a nossa pol\u00edcia e a nossa sociedade. \u00c9 inadmiss\u00edvel que um soldado da pol\u00edcia no servi\u00e7o seja atacado. \u00c9 inadmiss\u00edvel que o crime ataque um policial. [\u2026] N\u00f3s n\u00e3o vamos deixar passar impune a agress\u00e3o ao policial. N\u00e3o \u00e9 poss\u00edvel que o bandido e o crime possam agredir um policial e sair livremente\u201d, disse.<\/p>\n<div class=\"clearfix text-center advert\">\n<div id=\"ad-middle1\" class=\"ads-gam\" data-google-query-id=\"CJvA_9mJuYADFTlU3QIdn6MA0w\">\n<div id=\"google_ads_iframe_173743064\/jovempan\/web\/brasil_3__container__\"><iframe id=\"google_ads_iframe_173743064\/jovempan\/web\/brasil_3\" tabindex=\"0\" title=\"3rd party ad content\" role=\"region\" name=\"google_ads_iframe_173743064\/jovempan\/web\/brasil_3\" width=\"1\" height=\"1\" frameborder=\"0\" marginwidth=\"0\" marginheight=\"0\" scrolling=\"no\" aria-label=\"Advertisement\" data-load-complete=\"true\" data-google-container-id=\"4\" data-mce-fragment=\"1\"><\/iframe><\/div>\n<\/div>\n<\/div>\n<p>Ao ser questionado sobre as mortes, o governador afirmou que houve conflito quando a pol\u00edcia foi hostilizada durante as a\u00e7\u00f5es e alegou que os agentes n\u00e3o queriam confronto. \u201cA pol\u00edcia quer evitar o confronto de toda forma. Mas temos uma pol\u00edcia treinada e que segue \u00e0 risca as regras de engajamento. A partir do momento em que a pol\u00edcia \u00e9 hostilizada, que h\u00e1 o confronto e que a autoridade policial n\u00e3o \u00e9 respeitada, infelizmente, h\u00e1 o confronto. A gente n\u00e3o quer o confronto de jeito nenhum\u201d, afirmou Tarc\u00edsio. \u201cCada ocorr\u00eancia \u00e9 investigada. Todas ser\u00e3o investigadas. N\u00e3o podemos permitir que a popula\u00e7\u00e3o seja usada e n\u00e3o podemos sucumbir \u00e0s narrativas. A gente est\u00e1 enfrentando o tr\u00e1fico de drogas e o crime organizado. [\u2026] N\u00e3o houve hostilidade, n\u00e3o houve excesso. Houve atua\u00e7\u00e3o profissional e que resultou em pris\u00f5es. N\u00f3s vamos continuar com as opera\u00e7\u00f5es\u201d, continuou o governador.<\/p>\n<p>No domingo, 30, Tarc\u00edsio usou as redes sociais para comemorar a pris\u00e3o de Erickson e garantiu que a justi\u00e7a ser\u00e1 feita no caso. \u201cO autor do disparo que matou o soldado Reis, no Guaruj\u00e1, acaba de ser capturado na Zona Sul de S\u00e3o Paulo. Tr\u00eas envolvidos j\u00e1 est\u00e3o presos, ap\u00f3s trabalhos de intelig\u00eancia encabe\u00e7ado pela PMESP. A justi\u00e7a ser\u00e1 feita. Nenhum ataque aos nossos policiais ficar\u00e1 impune\u201d, afirmou o governador na noite de domingo. Segundo a rep\u00f3rter\u00a0<strong>Beatriz Manfredini<\/strong>, da Jovem Pan News , o ouvidor da pol\u00edcia havia dito que houve entre 10 e 12 pessoas mortes na opera\u00e7\u00e3o. O secret\u00e1rio de Seguran\u00e7a P\u00fablica Guilherme Derrite falou sobre essas acusa\u00e7\u00f5es, negando mais de oito mortes e dizendo n\u00e3o saber de onde surgiu o boato. \u201cS\u00e3o oito confrontos com oito mortes. N\u00e3o sei de onde est\u00e1 vindo essa informa\u00e7\u00e3o. N\u00e3o procede. S\u00e3o oito ocorr\u00eancias que resultaram em confronto e, dessas oito ocorr\u00eancias, s\u00e3o oito mortes\u201d, afirmou. Foram feitas den\u00fancias sobre viola\u00e7\u00f5es de direitos humanos que estariam sendo cometidas durante a opera\u00e7\u00e3o. Equipes da Ouvidoria da pol\u00edcia, membros da Ordem dos Advogados do Brasil (OAB) e do Conselho Estadual de Defesa dos Direitos da Pessoa Humana (Condepe) ir\u00e3o ao Guaruj\u00e1 ainda nesta segunda para investigar as den\u00fancias. As imagens das c\u00e2meras de seguran\u00e7a acopladas aos uniformes dos agentes tamb\u00e9m dever\u00e3o ser solicitadas na investiga\u00e7\u00e3o.<\/p>\n<p>Fonte: jovempan.com.br<\/p>\n","protected":false},"excerpt":{"rendered":"<p>O governador do\u00a0Estado de S\u00e3o Paulo,\u00a0Tarc\u00edsio de Freitas\u00a0(Republicanos), confirmou que oito pessoas foram mortas durante as opera\u00e7\u00f5es da pol\u00edcia em busca dos respons\u00e1veis pela morte do soldado das\u00a0Rondas Ostensivas Tobias Aguiar\u00a0(Rota)\u00a0Patrick Bastos Reis. Tr\u00eas pessoas foram presas por envolvimento no crime, entre eles\u00a0Erickson David da Silva,\u00a0acusado de atirar e matar o PM na \u00faltima quinta-feira, &hellip;<\/p>\n","protected":false},"author":3,"featured_media":8695,"comment_status":"closed","ping_status":"closed","sticky":false,"template":"","format":"standard","meta":{"_links_to":"","_links_to_target":""},"categories":[21],"tags":[],"_links":{"self":[{"href":"https:\/\/www.didasantos.com.br\/v1\/wp-json\/wp\/v2\/posts\/8694"}],"collection":[{"href":"https:\/\/www.didasantos.com.br\/v1\/wp-json\/wp\/v2\/posts"}],"about":[{"href":"https:\/\/www.didasantos.com.br\/v1\/wp-json\/wp\/v2\/types\/post"}],"author":[{"embeddable":true,"href":"https:\/\/www.didasantos.com.br\/v1\/wp-json\/wp\/v2\/users\/3"}],"replies":[{"embeddable":true,"href":"https:\/\/www.didasantos.com.br\/v1\/wp-json\/wp\/v2\/comments?post=8694"}],"version-history":[{"count":3,"href":"https:\/\/www.didasantos.com.br\/v1\/wp-json\/wp\/v2\/posts\/8694\/revisions"}],"predecessor-version":[{"id":8698,"href":"https:\/\/www.didasantos.com.br\/v1\/wp-json\/wp\/v2\/posts\/8694\/revisions\/8698"}],"wp:featuredmedia":[{"embeddable":true,"href":"https:\/\/www.didasantos.com.br\/v1\/wp-json\/wp\/v2\/media\/8695"}],"wp:attachment":[{"href":"https:\/\/www.didasantos.com.br\/v1\/wp-json\/wp\/v2\/media?parent=8694"}],"wp:term":[{"taxonomy":"category","embeddable":true,"href":"https:\/\/www.didasantos.com.br\/v1\/wp-json\/wp\/v2\/categories?post=8694"},{"taxonomy":"post_tag","embeddable":true,"href":"https:\/\/www.didasantos.com.br\/v1\/wp-json\/wp\/v2\/tags?post=8694"}],"curies":[{"name":"wp","href":"https:\/\/api.w.org\/{rel}","templated":true}]}}