{"id":9339,"date":"2023-09-15T12:33:25","date_gmt":"2023-09-15T15:33:25","guid":{"rendered":"https:\/\/www.didasantos.com.br\/v1\/?p=9339"},"modified":"2023-09-15T12:33:25","modified_gmt":"2023-09-15T15:33:25","slug":"tragedia-em-feira-de-santana-adolescente-de-15-anos-brutalmente-assassinado","status":"publish","type":"post","link":"https:\/\/www.didasantos.com.br\/v1\/2023\/09\/15\/tragedia-em-feira-de-santana-adolescente-de-15-anos-brutalmente-assassinado\/","title":{"rendered":"Trag\u00e9dia em Feira de Santana: Adolescente de 15 Anos Brutalmente Assassinado"},"content":{"rendered":"<p>O bairro Concei\u00e7\u00e3o II, em Feira de Santana, foi envolto por uma onda de choque e luto ap\u00f3s o brutal assassinato do jovem Kaique Nunes Oliveira, de apenas 15 anos, na noite da \u00faltima quarta-feira (13). O adolescente foi alvejado com tiros na Rua Brand\u00e3o Borges, sofrendo ferimentos fatais na cabe\u00e7a, pesco\u00e7o e ombros, resultando em perda de massa encef\u00e1lica.<\/p>\n<p>A comunidade, j\u00e1 acostumada com not\u00edcias de viol\u00eancia, se encontra perplexa diante da brutalidade do crime, especialmente contra um jovem de t\u00e3o tenra idade. A cena do crime foi rapidamente isolada pelas autoridades, que iniciaram os procedimentos de per\u00edcia e coleta de evid\u00eancias.<\/p>\n<p>At\u00e9 o momento, as motiva\u00e7\u00f5es para o crime e os poss\u00edveis respons\u00e1veis ainda n\u00e3o foram identificados. A pol\u00edcia apela \u00e0 colabora\u00e7\u00e3o da popula\u00e7\u00e3o local, garantindo o anonimato de quem fornecer informa\u00e7\u00f5es que possam auxiliar nas investiga\u00e7\u00f5es. Esta trag\u00e9dia refor\u00e7a a necessidade urgente de medidas mais rigorosas e eficazes por parte das autoridades para assegurar a seguran\u00e7a dos habitantes do bairro.<\/p>\n<p>A fam\u00edlia de Kaique, devastada pela perda s\u00fabita, busca respostas e justi\u00e7a para o tr\u00e1gico destino do jovem. Nossa reda\u00e7\u00e3o se solidariza com os familiares e amigos de Kaique Nunes Oliveira neste momento dif\u00edcil.<\/p>\n<p>Fonte: Blog do Rodrigo Ferraz<\/p>\n<p>&nbsp;<\/p>\n","protected":false},"excerpt":{"rendered":"<p>O bairro Concei\u00e7\u00e3o II, em Feira de Santana, foi envolto por uma onda de choque e luto ap\u00f3s o brutal assassinato do jovem Kaique Nunes Oliveira, de apenas 15 anos, na noite da \u00faltima quarta-feira (13). O adolescente foi alvejado com tiros na Rua Brand\u00e3o Borges, sofrendo ferimentos fatais na cabe\u00e7a, pesco\u00e7o e ombros, resultando &hellip;<\/p>\n","protected":false},"author":3,"featured_media":9340,"comment_status":"closed","ping_status":"closed","sticky":false,"template":"","format":"standard","meta":{"_links_to":"","_links_to_target":""},"categories":[21],"tags":[],"_links":{"self":[{"href":"https:\/\/www.didasantos.com.br\/v1\/wp-json\/wp\/v2\/posts\/9339"}],"collection":[{"href":"https:\/\/www.didasantos.com.br\/v1\/wp-json\/wp\/v2\/posts"}],"about":[{"href":"https:\/\/www.didasantos.com.br\/v1\/wp-json\/wp\/v2\/types\/post"}],"author":[{"embeddable":true,"href":"https:\/\/www.didasantos.com.br\/v1\/wp-json\/wp\/v2\/users\/3"}],"replies":[{"embeddable":true,"href":"https:\/\/www.didasantos.com.br\/v1\/wp-json\/wp\/v2\/comments?post=9339"}],"version-history":[{"count":1,"href":"https:\/\/www.didasantos.com.br\/v1\/wp-json\/wp\/v2\/posts\/9339\/revisions"}],"predecessor-version":[{"id":9341,"href":"https:\/\/www.didasantos.com.br\/v1\/wp-json\/wp\/v2\/posts\/9339\/revisions\/9341"}],"wp:featuredmedia":[{"embeddable":true,"href":"https:\/\/www.didasantos.com.br\/v1\/wp-json\/wp\/v2\/media\/9340"}],"wp:attachment":[{"href":"https:\/\/www.didasantos.com.br\/v1\/wp-json\/wp\/v2\/media?parent=9339"}],"wp:term":[{"taxonomy":"category","embeddable":true,"href":"https:\/\/www.didasantos.com.br\/v1\/wp-json\/wp\/v2\/categories?post=9339"},{"taxonomy":"post_tag","embeddable":true,"href":"https:\/\/www.didasantos.com.br\/v1\/wp-json\/wp\/v2\/tags?post=9339"}],"curies":[{"name":"wp","href":"https:\/\/api.w.org\/{rel}","templated":true}]}}