{"id":9403,"date":"2023-09-20T12:13:10","date_gmt":"2023-09-20T15:13:10","guid":{"rendered":"https:\/\/www.didasantos.com.br\/v1\/?p=9403"},"modified":"2023-09-20T12:13:10","modified_gmt":"2023-09-20T15:13:10","slug":"com-baixo-estoque-de-vacina-contra-raiva-humana-vacinacao-e-centralizada-na-unidade-regis-pacheco","status":"publish","type":"post","link":"https:\/\/www.didasantos.com.br\/v1\/2023\/09\/20\/com-baixo-estoque-de-vacina-contra-raiva-humana-vacinacao-e-centralizada-na-unidade-regis-pacheco\/","title":{"rendered":"Com baixo estoque de vacina contra raiva humana, vacina\u00e7\u00e3o \u00e9 centralizada na Unidade R\u00e9gis Pacheco"},"content":{"rendered":"<p>Desde o m\u00eas de junho, a Secretaria Municipal de Sa\u00fade (SMS) tem enfrentado dificuldades para disponibilizar vacinas contra raiva humana nas unidades de sa\u00fade, por conta do fornecimento irregular feito pelo Minist\u00e9rio da Sa\u00fade. A falta de vacina ocorre em fun\u00e7\u00e3o da queda mundial de produ\u00e7\u00e3o dos insumos para a fabrica\u00e7\u00e3o do imunizante, gerando atendimento parcial dos pedidos e atrasos na distribui\u00e7\u00e3o aos estados e munic\u00edpios.<\/p>\n<p>No m\u00eas de agosto, a SMS recebeu 200 doses do imunizante e, em setembro, apenas 100 de uma solicita\u00e7\u00e3o de mil doses que seriam necess\u00e1rias para distribuir \u00e0s unidades. Dessa forma, foi preciso centralizar a vacina\u00e7\u00e3o contra raiva humana somente na Unidade B\u00e1sica de Sa\u00fade R\u00e9gis Pacheco, at\u00e9 que o fornecimento seja restabelecido.<\/p>\n<p>De acordo com a coordenadora de Imuniza\u00e7\u00e3o do munic\u00edpio, Mariana Fernandes, a vacina\u00e7\u00e3o ser\u00e1 feita seguindo as indica\u00e7\u00f5es do\u00a0<a href=\"https:\/\/www.pmvc.ba.gov.br\/wp-content\/uploads\/nota_tecnica_raiva_2022.pdf\">protocolo do Minist\u00e9rio da Sa\u00fade<\/a>, atualizado em mar\u00e7o deste ano. \u201cComo temos poucas doses, n\u00f3s centralizamos a vacina\u00e7\u00e3o em uma \u00fanica unidade de sa\u00fade e precisamos utiliz\u00e1-las de forma consciente, de acordo com o esquema de profilaxia do Minist\u00e9rio da Sa\u00fade, nos casos que s\u00e3o realmente necess\u00e1rios\u201d, explicou Mariana.<\/p>\n<p><strong>Quem deve tomar a vacina?<\/strong><\/p>\n<p>Em caso de mordedura, lambedura ou arranhadura causadas por animais, \u00e9 preciso procurar atendimento de sa\u00fade para avalia\u00e7\u00e3o e vacina\u00e7\u00e3o, com exce\u00e7\u00e3o apenas se o animal dom\u00e9stico tenha sido vacinado contra a raiva e a possibilidade de ser observado por dez dias.<\/p>\n<p>De acordo com o protocolo de profilaxia da raiva humana, do Minist\u00e9rio da Sa\u00fade, a vacina\u00e7\u00e3o depende do tipo de agress\u00e3o causada, bem como \u00e0 condi\u00e7\u00e3o e esp\u00e9cie do animal. Veja abaixo as situa\u00e7\u00f5es:<\/p>\n<p><strong>C\u00e3o ou gato \u2013<\/strong>\u00a0Caso o animal tenha sinais sugestivos de raiva no momento da agress\u00e3o, a vacina\u00e7\u00e3o \u00e9 indicada para a pessoa agredida. Se o c\u00e3o ou gato n\u00e3o apresenta sinal sugestivo de raiva, a vacina\u00e7\u00e3o n\u00e3o \u00e9 necess\u00e1ria, mas deve ser feita a observa\u00e7\u00e3o do animal por 10 dias. Se n\u00e3o for poss\u00edvel observar o animal, a vacina\u00e7\u00e3o deve ser feita.<\/p>\n<p><strong>Morcegos e outros mam\u00edferos silvestres (ex: saguis, macacos, raposas)\u00a0<\/strong>\u2013 Esse tipo de acidente \u00e9 sempre classificado como grave. Ent\u00e3o, a conduta adequada \u00e9 lavar o local com \u00e1gua e sab\u00e3o, abundantemente, e iniciar o imediato esquema vacinal com Soro Antirr\u00e1bico (SAR) ou Imunoglobulina Humana Antirr\u00e1bica (IGHAR), em quatro doses de vacina antirr\u00e1bica nos dias 0, 3, 7 e 14.<\/p>\n<p><strong>Animais de produ\u00e7\u00e3o (bovinos, bubalinos, equ\u00eddeos, caprinos, ovinos e su\u00ednos) \u2013<\/strong>\u00a0Deve-se levar em considera\u00e7\u00e3o o risco epidemiol\u00f3gico da doen\u00e7a na regi\u00e3o, a forma de contato (direto ou indireto), al\u00e9m de avaliar o acidente e a necessidade de administra\u00e7\u00e3o do esquema raiva para raiva humana envolvendo animais de produ\u00e7\u00e3o.<\/p>\n<p><img decoding=\"async\" loading=\"lazy\" class=\"aligncenter wp-image-308405 colorbox-308403\" src=\"https:\/\/www.pmvc.ba.gov.br\/wp-content\/uploads\/cartaz-Profilaxia-2-494x680.png\" sizes=\"(max-width: 494px) 100vw, 494px\" srcset=\"https:\/\/www.pmvc.ba.gov.br\/wp-content\/uploads\/cartaz-Profilaxia-2-494x680.png 494w, https:\/\/www.pmvc.ba.gov.br\/wp-content\/uploads\/cartaz-Profilaxia-2-229x315.png 229w, https:\/\/www.pmvc.ba.gov.br\/wp-content\/uploads\/cartaz-Profilaxia-2-768x1056.png 768w\" alt=\"\" width=\"494\" height=\"680\" \/><\/p>\n<p><strong>Vacina\u00e7\u00e3o Antirr\u00e1bica Animal \u2013\u00a0<\/strong>Com as campanhas de vacina\u00e7\u00e3o anuais, os casos de raiva em humanos e animais dom\u00e9sticos se tornaram cada vez mais raros. O imunizante veterin\u00e1rio \u00e9 indicado para caninos e felinos e, em Vit\u00f3ria da Conquista, \u00e9 disponibilizado rotineiramente na Unidade B\u00e1sica de Sa\u00fade Dr. Adm\u00e1rio Silva Santos, no bairro Brasil, no hor\u00e1rio de funcionamento da sala de vacina.<\/p>\n<p>Embora n\u00e3o se tenha registros recentes de casos de raiva animal e humana no munic\u00edpio, a vacina\u00e7\u00e3o dos animais al\u00e9m de ser obrigat\u00f3ria por lei, \u00e9 essencial para garantir o controle da raiva nas popula\u00e7\u00f5es de c\u00e3es e gatos, bem como manter a popula\u00e7\u00e3o humana protegida.<\/p>\n<div class=\"ssba-classic-2 ssba ssbp-wrap left ssbp--theme-1\"><\/div>\n","protected":false},"excerpt":{"rendered":"<p>Desde o m\u00eas de junho, a Secretaria Municipal de Sa\u00fade (SMS) tem enfrentado dificuldades para disponibilizar vacinas contra raiva humana nas unidades de sa\u00fade, por conta do fornecimento irregular feito pelo Minist\u00e9rio da Sa\u00fade. A falta de vacina ocorre em fun\u00e7\u00e3o da queda mundial de produ\u00e7\u00e3o dos insumos para a fabrica\u00e7\u00e3o do imunizante, gerando atendimento &hellip;<\/p>\n","protected":false},"author":3,"featured_media":9404,"comment_status":"closed","ping_status":"closed","sticky":false,"template":"","format":"standard","meta":{"_links_to":"","_links_to_target":""},"categories":[22],"tags":[],"_links":{"self":[{"href":"https:\/\/www.didasantos.com.br\/v1\/wp-json\/wp\/v2\/posts\/9403"}],"collection":[{"href":"https:\/\/www.didasantos.com.br\/v1\/wp-json\/wp\/v2\/posts"}],"about":[{"href":"https:\/\/www.didasantos.com.br\/v1\/wp-json\/wp\/v2\/types\/post"}],"author":[{"embeddable":true,"href":"https:\/\/www.didasantos.com.br\/v1\/wp-json\/wp\/v2\/users\/3"}],"replies":[{"embeddable":true,"href":"https:\/\/www.didasantos.com.br\/v1\/wp-json\/wp\/v2\/comments?post=9403"}],"version-history":[{"count":1,"href":"https:\/\/www.didasantos.com.br\/v1\/wp-json\/wp\/v2\/posts\/9403\/revisions"}],"predecessor-version":[{"id":9405,"href":"https:\/\/www.didasantos.com.br\/v1\/wp-json\/wp\/v2\/posts\/9403\/revisions\/9405"}],"wp:featuredmedia":[{"embeddable":true,"href":"https:\/\/www.didasantos.com.br\/v1\/wp-json\/wp\/v2\/media\/9404"}],"wp:attachment":[{"href":"https:\/\/www.didasantos.com.br\/v1\/wp-json\/wp\/v2\/media?parent=9403"}],"wp:term":[{"taxonomy":"category","embeddable":true,"href":"https:\/\/www.didasantos.com.br\/v1\/wp-json\/wp\/v2\/categories?post=9403"},{"taxonomy":"post_tag","embeddable":true,"href":"https:\/\/www.didasantos.com.br\/v1\/wp-json\/wp\/v2\/tags?post=9403"}],"curies":[{"name":"wp","href":"https:\/\/api.w.org\/{rel}","templated":true}]}}