{"id":9533,"date":"2023-10-04T13:12:38","date_gmt":"2023-10-04T16:12:38","guid":{"rendered":"https:\/\/www.didasantos.com.br\/v1\/?p=9533"},"modified":"2023-10-04T13:12:38","modified_gmt":"2023-10-04T16:12:38","slug":"adolescentes-do-cras-vila-america-participam-de-atividades-pelo-dia-mundial-dos-animais","status":"publish","type":"post","link":"https:\/\/www.didasantos.com.br\/v1\/2023\/10\/04\/adolescentes-do-cras-vila-america-participam-de-atividades-pelo-dia-mundial-dos-animais\/","title":{"rendered":"Adolescentes do Cras Vila Am\u00e9rica participam de atividades pelo Dia Mundial dos Animais"},"content":{"rendered":"<p>Os adolescentes que fazem parte do Servi\u00e7o de Conviv\u00eancia e Fortalecimento de V\u00ednculos do Cras Vila Am\u00e9rica fizeram um piquenique na Pra\u00e7a da Juventude na ter\u00e7a-feira, 3. A a\u00e7\u00e3o contou com o apoio da Secretaria de Meio Ambiente para a realiza\u00e7\u00e3o de palestras e atividades l\u00fadicas que alertaram os jovens sobre a import\u00e2ncia de se conviver em harmonia com os animais e com a natureza.<\/p>\n<p>A a\u00e7\u00e3o faz refer\u00eancia ao Dia Mundial dos Animais, comemorado em 4 de outubro. Durante a tarde foi ministrada uma palestra conduzida pela t\u00e9cnica em meio ambiente, Scheyla de Oliveira, e pela educadora ambiental, Lucin\u00e9ia Soares. Os jovens aprenderam um pouco sobre o que s\u00e3o maus-tratos com animais e como proceder em uma situa\u00e7\u00e3o como essa. \u201cAl\u00e9m disso, \u00e9 importante que as crian\u00e7as saibam quais s\u00e3o os animais dom\u00e9sticos que podemos ter em casa, e quais os animais silvestres, que devem estar na natureza. Estamos aproveitando o Dia dos Animais para conscientizar as pessoas\u201d completou, Scheyla.<\/p>\n<div id=\"gallery-3\" class=\"gallery galleryid-310168 gallery-columns-2 gallery-size-large\">\n<dl class=\"gallery-item\">\n<dt class=\"gallery-icon landscape\"><a href=\"https:\/\/www.pmvc.ba.gov.br\/img_0448\/\"><img decoding=\"async\" loading=\"lazy\" class=\"attachment-large size-large colorbox-310168 \" src=\"https:\/\/www.pmvc.ba.gov.br\/wp-content\/uploads\/IMG_0448-1020x680.jpg\" sizes=\"(max-width: 1020px) 100vw, 1020px\" srcset=\"https:\/\/www.pmvc.ba.gov.br\/wp-content\/uploads\/IMG_0448-1020x680.jpg 1020w, https:\/\/www.pmvc.ba.gov.br\/wp-content\/uploads\/IMG_0448-200x133.jpg 200w, https:\/\/www.pmvc.ba.gov.br\/wp-content\/uploads\/IMG_0448-473x315.jpg 473w, https:\/\/www.pmvc.ba.gov.br\/wp-content\/uploads\/IMG_0448-768x512.jpg 768w, https:\/\/www.pmvc.ba.gov.br\/wp-content\/uploads\/IMG_0448-680x452.jpg 680w\" alt=\"\" width=\"1020\" height=\"680\" aria-describedby=\"gallery-3-310167\" \/><\/a><\/dt>\n<dd id=\"gallery-3-310167\" class=\"wp-caption-text gallery-caption\">Scheyla, Kelly e Lucin\u00e9ia<\/dd>\n<\/dl>\n<dl class=\"gallery-item\">\n<dt class=\"gallery-icon landscape\"><a href=\"https:\/\/www.pmvc.ba.gov.br\/adolescentes-do-cras-vila-america-participam-de-atividades-pelo-dia-mundial-dos-animais\/img_0428\/\"><img decoding=\"async\" loading=\"lazy\" class=\"attachment-large size-large colorbox-310168 \" src=\"https:\/\/www.pmvc.ba.gov.br\/wp-content\/uploads\/IMG_0428-1020x680.jpg\" sizes=\"(max-width: 1020px) 100vw, 1020px\" srcset=\"https:\/\/www.pmvc.ba.gov.br\/wp-content\/uploads\/IMG_0428-1020x680.jpg 1020w, https:\/\/www.pmvc.ba.gov.br\/wp-content\/uploads\/IMG_0428-200x133.jpg 200w, https:\/\/www.pmvc.ba.gov.br\/wp-content\/uploads\/IMG_0428-473x315.jpg 473w, https:\/\/www.pmvc.ba.gov.br\/wp-content\/uploads\/IMG_0428-768x512.jpg 768w, https:\/\/www.pmvc.ba.gov.br\/wp-content\/uploads\/IMG_0428-680x452.jpg 680w\" alt=\"\" width=\"1020\" height=\"680\" aria-describedby=\"gallery-3-310161\" \/><\/a><\/dt>\n<dd id=\"gallery-3-310161\" class=\"wp-caption-text gallery-caption\">Palestra sobre o conv\u00edvio entre seres humanos e animais<\/dd>\n<\/dl>\n<\/div>\n<p>Al\u00e9m da palestra, os adolescentes exercitaram o lado criativo e art\u00edstico. Com o apoio da t\u00e9cnica em programas sociais do Sesc, L\u00edlia Oliveira, foram realizadas pinturas corporais em refer\u00eancia aos animais e \u00e0 natureza. \u201cAtrav\u00e9s da pintura, as pessoas podem se expressar. Os desenhos feitos nos bra\u00e7os dos meninos e meninas s\u00e3o para que eles saiam daqui com algo que marque a visita a este espa\u00e7o\u201d, relatou a t\u00e9cnica.<\/p>\n<p>\u201c\u00c9 fundamental que os nossos jovens tenham momentos ao ar livre e entrem em contato com a natureza. Essa \u00e9 uma forma de conscientiz\u00e1-los sobre as pautas ambientais e tamb\u00e9m \u00e9 um meio de criar mem\u00f3rias felizes, fortalecendo os la\u00e7os comunit\u00e1rios\u201d, explicou a gerente do Cras, Kelly Newton.<\/p>\n<div id=\"gallery-4\" class=\"gallery galleryid-310168 gallery-columns-3 gallery-size-large\">\n<dl class=\"gallery-item\">\n<dt class=\"gallery-icon landscape\"><a href=\"https:\/\/www.pmvc.ba.gov.br\/img_0440-2\/\"><img decoding=\"async\" loading=\"lazy\" class=\"attachment-large size-large colorbox-310168 \" src=\"https:\/\/www.pmvc.ba.gov.br\/wp-content\/uploads\/IMG_0440-1-1020x680.jpg\" sizes=\"(max-width: 1020px) 100vw, 1020px\" srcset=\"https:\/\/www.pmvc.ba.gov.br\/wp-content\/uploads\/IMG_0440-1-1020x680.jpg 1020w, https:\/\/www.pmvc.ba.gov.br\/wp-content\/uploads\/IMG_0440-1-200x133.jpg 200w, https:\/\/www.pmvc.ba.gov.br\/wp-content\/uploads\/IMG_0440-1-473x315.jpg 473w, https:\/\/www.pmvc.ba.gov.br\/wp-content\/uploads\/IMG_0440-1-768x512.jpg 768w, https:\/\/www.pmvc.ba.gov.br\/wp-content\/uploads\/IMG_0440-1-680x452.jpg 680w\" alt=\"\" width=\"1020\" height=\"680\" aria-describedby=\"gallery-4-310164\" \/><\/a><\/dt>\n<dd id=\"gallery-4-310164\" class=\"wp-caption-text gallery-caption\">L\u00edlia<\/dd>\n<\/dl>\n<dl class=\"gallery-item\">\n<dt class=\"gallery-icon landscape\"><a href=\"https:\/\/www.pmvc.ba.gov.br\/img_0437-2\/\"><img decoding=\"async\" loading=\"lazy\" class=\"attachment-large size-large colorbox-310168 \" src=\"https:\/\/www.pmvc.ba.gov.br\/wp-content\/uploads\/IMG_0437-1-1020x680.jpg\" sizes=\"(max-width: 1020px) 100vw, 1020px\" srcset=\"https:\/\/www.pmvc.ba.gov.br\/wp-content\/uploads\/IMG_0437-1-1020x680.jpg 1020w, https:\/\/www.pmvc.ba.gov.br\/wp-content\/uploads\/IMG_0437-1-200x133.jpg 200w, https:\/\/www.pmvc.ba.gov.br\/wp-content\/uploads\/IMG_0437-1-473x315.jpg 473w, https:\/\/www.pmvc.ba.gov.br\/wp-content\/uploads\/IMG_0437-1-768x512.jpg 768w, https:\/\/www.pmvc.ba.gov.br\/wp-content\/uploads\/IMG_0437-1-680x452.jpg 680w\" alt=\"\" width=\"1020\" height=\"680\" aria-describedby=\"gallery-4-310163\" \/><\/a><\/dt>\n<dd id=\"gallery-4-310163\" class=\"wp-caption-text gallery-caption\">Pintura corporal<\/dd>\n<\/dl>\n<dl class=\"gallery-item\">\n<dt class=\"gallery-icon landscape\"><a href=\"https:\/\/www.pmvc.ba.gov.br\/img_0444\/\"><img decoding=\"async\" loading=\"lazy\" class=\"attachment-large size-large colorbox-310168 \" src=\"https:\/\/www.pmvc.ba.gov.br\/wp-content\/uploads\/IMG_0444-1020x680.jpg\" sizes=\"(max-width: 1020px) 100vw, 1020px\" srcset=\"https:\/\/www.pmvc.ba.gov.br\/wp-content\/uploads\/IMG_0444-1020x680.jpg 1020w, https:\/\/www.pmvc.ba.gov.br\/wp-content\/uploads\/IMG_0444-200x133.jpg 200w, https:\/\/www.pmvc.ba.gov.br\/wp-content\/uploads\/IMG_0444-473x315.jpg 473w, https:\/\/www.pmvc.ba.gov.br\/wp-content\/uploads\/IMG_0444-768x512.jpg 768w, https:\/\/www.pmvc.ba.gov.br\/wp-content\/uploads\/IMG_0444-680x452.jpg 680w\" alt=\"\" width=\"1020\" height=\"680\" aria-describedby=\"gallery-4-310165\" \/><\/a><\/dt>\n<dd id=\"gallery-4-310165\" class=\"wp-caption-text gallery-caption\">Gabriela<\/dd>\n<\/dl>\n<\/div>\n<p>A adolescente Gabriela Silva exercitou a criatividade e com a ajuda da t\u00e9cnica L\u00edlia pintou uma borboleta em seu bra\u00e7o. \u201cHoje eu me diverti muito. Participar da palestra me fez aprender muitas coisas. Agora, eu sei porque o meio ambiente \u00e9 importante para a gente e para os animais, se eu ver alguma coisa errada acontecendo devo denunciar\u201d, afirmou Gabriela.<\/p>\n","protected":false},"excerpt":{"rendered":"<p>Os adolescentes que fazem parte do Servi\u00e7o de Conviv\u00eancia e Fortalecimento de V\u00ednculos do Cras Vila Am\u00e9rica fizeram um piquenique na Pra\u00e7a da Juventude na ter\u00e7a-feira, 3. A a\u00e7\u00e3o contou com o apoio da Secretaria de Meio Ambiente para a realiza\u00e7\u00e3o de palestras e atividades l\u00fadicas que alertaram os jovens sobre a import\u00e2ncia de se &hellip;<\/p>\n","protected":false},"author":3,"featured_media":9534,"comment_status":"closed","ping_status":"closed","sticky":false,"template":"","format":"standard","meta":{"_links_to":"","_links_to_target":""},"categories":[22],"tags":[],"_links":{"self":[{"href":"https:\/\/www.didasantos.com.br\/v1\/wp-json\/wp\/v2\/posts\/9533"}],"collection":[{"href":"https:\/\/www.didasantos.com.br\/v1\/wp-json\/wp\/v2\/posts"}],"about":[{"href":"https:\/\/www.didasantos.com.br\/v1\/wp-json\/wp\/v2\/types\/post"}],"author":[{"embeddable":true,"href":"https:\/\/www.didasantos.com.br\/v1\/wp-json\/wp\/v2\/users\/3"}],"replies":[{"embeddable":true,"href":"https:\/\/www.didasantos.com.br\/v1\/wp-json\/wp\/v2\/comments?post=9533"}],"version-history":[{"count":1,"href":"https:\/\/www.didasantos.com.br\/v1\/wp-json\/wp\/v2\/posts\/9533\/revisions"}],"predecessor-version":[{"id":9535,"href":"https:\/\/www.didasantos.com.br\/v1\/wp-json\/wp\/v2\/posts\/9533\/revisions\/9535"}],"wp:featuredmedia":[{"embeddable":true,"href":"https:\/\/www.didasantos.com.br\/v1\/wp-json\/wp\/v2\/media\/9534"}],"wp:attachment":[{"href":"https:\/\/www.didasantos.com.br\/v1\/wp-json\/wp\/v2\/media?parent=9533"}],"wp:term":[{"taxonomy":"category","embeddable":true,"href":"https:\/\/www.didasantos.com.br\/v1\/wp-json\/wp\/v2\/categories?post=9533"},{"taxonomy":"post_tag","embeddable":true,"href":"https:\/\/www.didasantos.com.br\/v1\/wp-json\/wp\/v2\/tags?post=9533"}],"curies":[{"name":"wp","href":"https:\/\/api.w.org\/{rel}","templated":true}]}}